{"id":24590,"date":"2025-08-05T23:08:22","date_gmt":"2025-08-06T02:08:22","guid":{"rendered":"https:\/\/www.revistarescatados.com.ar\/web\/?p=24590"},"modified":"2025-08-05T23:08:22","modified_gmt":"2025-08-06T02:08:22","slug":"participacion-verense-en-la-convencion-reformadora-de-la-constitucion-provincial","status":"publish","type":"post","link":"https:\/\/www.revistarescatados.com.ar\/web\/2025\/08\/05\/participacion-verense-en-la-convencion-reformadora-de-la-constitucion-provincial\/","title":{"rendered":"Participaci\u00f3n verense en la convenci\u00f3n reformadora de la constituci\u00f3n provincial"},"content":{"rendered":"<p><strong>Rub\u00e9n Angel Senn, vocero del equipo de asesores del senador Osvaldo Sosa quien expuso sobre Seguridad Social en la audiencia de la Comisi\u00f3n de Funcionamiento del Estado y Participaci\u00f3n Ciudadana de la Convenci\u00f3n Reformadora de la Constituci\u00f3n de la Provincia de Santa Fe.<\/strong><\/p>\n<p><img loading=\"lazy\" class=\"aligncenter size-full wp-image-24591\" src=\"http:\/\/www.revistarescatados.com.ar\/web\/wp-content\/uploads\/2025\/08\/Ruben-Senn.jpg\" alt=\"\" width=\"960\" height=\"503\" srcset=\"https:\/\/www.revistarescatados.com.ar\/web\/wp-content\/uploads\/2025\/08\/Ruben-Senn.jpg 960w, https:\/\/www.revistarescatados.com.ar\/web\/wp-content\/uploads\/2025\/08\/Ruben-Senn-300x157.jpg 300w, https:\/\/www.revistarescatados.com.ar\/web\/wp-content\/uploads\/2025\/08\/Ruben-Senn-768x402.jpg 768w\" sizes=\"(max-width: 960px) 100vw, 960px\" \/><br \/>\nEn la oportunidad, m\u00e1s de 70 oradores se presentaron para exponer sus propuestas y consideraciones, cada uno contando con un tiempo m\u00e1ximo de tres minutos para desarrollar sus aportes.<\/p>\n<p>La Comisi\u00f3n aborda temas como los mecanismos de participaci\u00f3n ciudadana, la democracia semidirecta, la seguridad p\u00fablica, la eficiencia de los servicios, la planificaci\u00f3n de pol\u00edticas p\u00fablicas y el federalismo de concertaci\u00f3n. Tambi\u00e9n incluye principios como la cl\u00e1usula democr\u00e1tica y el reconocimiento de la causa Malvinas.<\/p>\n<p>Esta instancia forma parte del proceso participativo impulsado por la Convenci\u00f3n Reformadora, que busca recoger y debatir ideas de la sociedad civil, organizaciones y especialistas, con el fin de enriquecer el debate y la redacci\u00f3n de la nueva Constituci\u00f3n de Santa Fe.<\/p>\n<p>Cabe destacar que en esta oportunidad fue el turno de Rub\u00e9n Angel Senn, vocero del equipo de asesores del senador Osvaldo Sosa quien expuso sobre Seguridad Social, tiempo en que que no solo hizo referencia a la necesidad de<br \/>\nMantener la Caja de Jubilaciones en la \u00f3rbita provincial con un sistema p\u00fablico y de reparto, sino que tambi\u00e9n pidi\u00f3 la incorporaci\u00f3n ciudadana en la Caja de Seguro Social, entre otros punto m\u00e1s espec\u00edficos incluidos en el Art. 21 de la respectiva ley.<\/p>\n<p>La participaci\u00f3n verense continua ma\u00f1ana con otra tem\u00e1tica con iniciativas que fueron elaboradas con el aporte de la gente en el marco de la participaci\u00f3n ciudadana, espacio creado por el senador para que los vecinos del departamento vera presentaran sus proyectos para ser incorporados en la constituci\u00f3n.<\/p>\n<p>Las inquietudes fueron consideradas y formalizadas a trav\u00e9s de un equipo interdisciplinario conformado por profesionales, dirigentes institucionales y referentes sociales.<\/p>\n<p>Liderados por el senador Osvaldo Sosa, el grupo trabaj\u00f3 arduamente para poder llevar la voz del norte al recinto del debate con un contenido minuciosamente elaborado que est\u00e1 siendo expuesto y defendido por los propios redactores del trabajo.<\/p>\n<p>&nbsp;<\/p>\n","protected":false},"excerpt":{"rendered":"<p>Rub\u00e9n Angel Senn, vocero del equipo de asesores del senador Osvaldo Sosa quien expuso sobre Seguridad Social en la audiencia de la Comisi\u00f3n de Funcionamiento del Estado y Participaci\u00f3n Ciudadana de la&#46;&#46;&#46;<\/p>\n","protected":false},"author":1,"featured_media":24591,"comment_status":"closed","ping_status":"closed","sticky":false,"template":"","format":"standard","meta":[],"categories":[3,16,10,13,8],"tags":[],"_links":{"self":[{"href":"https:\/\/www.revistarescatados.com.ar\/web\/wp-json\/wp\/v2\/posts\/24590"}],"collection":[{"href":"https:\/\/www.revistarescatados.com.ar\/web\/wp-json\/wp\/v2\/posts"}],"about":[{"href":"https:\/\/www.revistarescatados.com.ar\/web\/wp-json\/wp\/v2\/types\/post"}],"author":[{"embeddable":true,"href":"https:\/\/www.revistarescatados.com.ar\/web\/wp-json\/wp\/v2\/users\/1"}],"replies":[{"embeddable":true,"href":"https:\/\/www.revistarescatados.com.ar\/web\/wp-json\/wp\/v2\/comments?post=24590"}],"version-history":[{"count":1,"href":"https:\/\/www.revistarescatados.com.ar\/web\/wp-json\/wp\/v2\/posts\/24590\/revisions"}],"predecessor-version":[{"id":24592,"href":"https:\/\/www.revistarescatados.com.ar\/web\/wp-json\/wp\/v2\/posts\/24590\/revisions\/24592"}],"wp:featuredmedia":[{"embeddable":true,"href":"https:\/\/www.revistarescatados.com.ar\/web\/wp-json\/wp\/v2\/media\/24591"}],"wp:attachment":[{"href":"https:\/\/www.revistarescatados.com.ar\/web\/wp-json\/wp\/v2\/media?parent=24590"}],"wp:term":[{"taxonomy":"category","embeddable":true,"href":"https:\/\/www.revistarescatados.com.ar\/web\/wp-json\/wp\/v2\/categories?post=24590"},{"taxonomy":"post_tag","embeddable":true,"href":"https:\/\/www.revistarescatados.com.ar\/web\/wp-json\/wp\/v2\/tags?post=24590"}],"curies":[{"name":"wp","href":"https:\/\/api.w.org\/{rel}","templated":true}]}}