{"id":24593,"date":"2025-08-06T21:25:33","date_gmt":"2025-08-07T00:25:33","guid":{"rendered":"https:\/\/www.revistarescatados.com.ar\/web\/?p=24593"},"modified":"2025-08-06T21:25:33","modified_gmt":"2025-08-07T00:25:33","slug":"vuelve-la-emocion-de-crespo-corre-y-ya-tiene-fecha-la-finalisima-del-chamame-en-gobernador-crespo","status":"publish","type":"post","link":"https:\/\/www.revistarescatados.com.ar\/web\/2025\/08\/06\/vuelve-la-emocion-de-crespo-corre-y-ya-tiene-fecha-la-finalisima-del-chamame-en-gobernador-crespo\/","title":{"rendered":"Vuelve la emoci\u00f3n de Crespo Corre y ya tiene fecha la Final\u00edsima del chamam\u00e9 en Gobernador Crespo"},"content":{"rendered":"<p><strong>Las inscripciones est\u00e1n abiertas para la competencia de running que se realizar\u00e1 este 6 de septiembre en el trazado urbano. Adem\u00e1s, se dio a conocer la fecha de la Final\u00edsima del Chamame, que tendr\u00e1 lugar el s\u00e1bado 10 de enero 2026 con la presentaci\u00f3n estelar de Monchito Merlo y su conjunto.\u00a0<\/strong><\/p>\n<p><img loading=\"lazy\" class=\"aligncenter size-full wp-image-24594\" src=\"http:\/\/www.revistarescatados.com.ar\/web\/wp-content\/uploads\/2025\/08\/Crespo-Corre.jpg\" alt=\"\" width=\"720\" height=\"720\" srcset=\"https:\/\/www.revistarescatados.com.ar\/web\/wp-content\/uploads\/2025\/08\/Crespo-Corre.jpg 720w, https:\/\/www.revistarescatados.com.ar\/web\/wp-content\/uploads\/2025\/08\/Crespo-Corre-300x300.jpg 300w, https:\/\/www.revistarescatados.com.ar\/web\/wp-content\/uploads\/2025\/08\/Crespo-Corre-150x150.jpg 150w, https:\/\/www.revistarescatados.com.ar\/web\/wp-content\/uploads\/2025\/08\/Crespo-Corre-80x80.jpg 80w, https:\/\/www.revistarescatados.com.ar\/web\/wp-content\/uploads\/2025\/08\/Crespo-Corre-320x320.jpg 320w\" sizes=\"(max-width: 720px) 100vw, 720px\" \/><\/p>\n<p>Este 6 de septiembre preparate para vivir una jornada llena de energ\u00eda, deporte y comunidad. Las inscripciones est\u00e1n abiertas y el valor es de $20.000. Podes inscribirte en la Comuna de Gobernador Crespo\u00a0 y asegurar tu lugar en esta gran fiesta del running.<\/p>\n<p>Adem\u00e1s, se dio a conocer la fecha de la Final\u00edsima del Chamame, que tendr\u00e1 lugar el s\u00e1bado 10 de enero 2026 con la presentaci\u00f3n estelar de Monchito Merlo y su conjunto.<\/p>\n<p>El reconocido artista chamamecero, recibi\u00f3 un merecido homenaje de la C\u00e1mara de Diputados de la Naci\u00f3n por su trayectoria y su valioso aporte a la cultura popular argentina. Monchito destac\u00f3 con emoci\u00f3n que es &#8220;un regalo del cielo&#8221; y agradeci\u00f3 a su p\u00fablico y a Dios por seguir haciendo lo que ama: llevar nuestra m\u00fasica por todo el pa\u00eds.<\/p>\n","protected":false},"excerpt":{"rendered":"<p>Las inscripciones est\u00e1n abiertas para la competencia de running que se realizar\u00e1 este 6 de septiembre en el trazado urbano. Adem\u00e1s, se dio a conocer la fecha de la Final\u00edsima del Chamame,&#46;&#46;&#46;<\/p>\n","protected":false},"author":1,"featured_media":24594,"comment_status":"closed","ping_status":"closed","sticky":false,"template":"","format":"standard","meta":[],"categories":[4,17,16,8],"tags":[],"_links":{"self":[{"href":"https:\/\/www.revistarescatados.com.ar\/web\/wp-json\/wp\/v2\/posts\/24593"}],"collection":[{"href":"https:\/\/www.revistarescatados.com.ar\/web\/wp-json\/wp\/v2\/posts"}],"about":[{"href":"https:\/\/www.revistarescatados.com.ar\/web\/wp-json\/wp\/v2\/types\/post"}],"author":[{"embeddable":true,"href":"https:\/\/www.revistarescatados.com.ar\/web\/wp-json\/wp\/v2\/users\/1"}],"replies":[{"embeddable":true,"href":"https:\/\/www.revistarescatados.com.ar\/web\/wp-json\/wp\/v2\/comments?post=24593"}],"version-history":[{"count":1,"href":"https:\/\/www.revistarescatados.com.ar\/web\/wp-json\/wp\/v2\/posts\/24593\/revisions"}],"predecessor-version":[{"id":24595,"href":"https:\/\/www.revistarescatados.com.ar\/web\/wp-json\/wp\/v2\/posts\/24593\/revisions\/24595"}],"wp:featuredmedia":[{"embeddable":true,"href":"https:\/\/www.revistarescatados.com.ar\/web\/wp-json\/wp\/v2\/media\/24594"}],"wp:attachment":[{"href":"https:\/\/www.revistarescatados.com.ar\/web\/wp-json\/wp\/v2\/media?parent=24593"}],"wp:term":[{"taxonomy":"category","embeddable":true,"href":"https:\/\/www.revistarescatados.com.ar\/web\/wp-json\/wp\/v2\/categories?post=24593"},{"taxonomy":"post_tag","embeddable":true,"href":"https:\/\/www.revistarescatados.com.ar\/web\/wp-json\/wp\/v2\/tags?post=24593"}],"curies":[{"name":"wp","href":"https:\/\/api.w.org\/{rel}","templated":true}]}}