{"id":24596,"date":"2025-08-06T21:30:19","date_gmt":"2025-08-07T00:30:19","guid":{"rendered":"https:\/\/www.revistarescatados.com.ar\/web\/?p=24596"},"modified":"2025-08-06T21:30:19","modified_gmt":"2025-08-07T00:30:19","slug":"ramayon-presento-nuevas-maquinarias-y-marcelino-escalada-cuida-su-arbolado-publico","status":"publish","type":"post","link":"https:\/\/www.revistarescatados.com.ar\/web\/2025\/08\/06\/ramayon-presento-nuevas-maquinarias-y-marcelino-escalada-cuida-su-arbolado-publico\/","title":{"rendered":"Ramay\u00f3n present\u00f3 nuevas maquinarias y Marcelino Escalada cuida su arbolado p\u00fablico"},"content":{"rendered":"<p>&nbsp;<\/p>\n<p><strong>Gracias al Programa de Obras Menores 2025, la gesti\u00f3n comunal de Mart\u00edn Truchet, adquiri\u00f3 nuevas herramientas que permitir\u00e1n mejorar los trabajos y servicios comunales. Por otro lado, la comuna de Escalada informa que &#8220;toda solicitud de poda, extracci\u00f3n o intervenci\u00f3n deber\u00e1 presentarse en la Comuna, donde ser\u00e1 evaluada por personal t\u00e9cnico&#8221;.<\/strong><\/p>\n<p><img loading=\"lazy\" class=\"aligncenter size-large wp-image-24597\" src=\"http:\/\/www.revistarescatados.com.ar\/web\/wp-content\/uploads\/2025\/08\/Ramayon-maquinarias-1024x768.jpg\" alt=\"\" width=\"1024\" height=\"768\" srcset=\"https:\/\/www.revistarescatados.com.ar\/web\/wp-content\/uploads\/2025\/08\/Ramayon-maquinarias-1024x768.jpg 1024w, https:\/\/www.revistarescatados.com.ar\/web\/wp-content\/uploads\/2025\/08\/Ramayon-maquinarias-300x225.jpg 300w, https:\/\/www.revistarescatados.com.ar\/web\/wp-content\/uploads\/2025\/08\/Ramayon-maquinarias-768x576.jpg 768w, https:\/\/www.revistarescatados.com.ar\/web\/wp-content\/uploads\/2025\/08\/Ramayon-maquinarias-1536x1152.jpg 1536w, https:\/\/www.revistarescatados.com.ar\/web\/wp-content\/uploads\/2025\/08\/Ramayon-maquinarias.jpg 1600w\" sizes=\"(max-width: 1024px) 100vw, 1024px\" \/><\/p>\n<p>Se sumaron un tractor Hanomag de 50 HP, cortadora de pasto de 3 puntos de 1.80 m de ancho, chipiadora de ramas, 5 motoguada\u00f1as y 2\u00a0 motosierras.\u00a0 Esta inversi\u00f3n asciende a los 32 millones de pesos.<\/p>\n<p>Adem\u00e1s, durante estas vacaciones de invierno qued\u00f3 habilitada la nueva plaza de juegos infantiles y la plaza saludable para adultos en el predio del Ex Ferrocarril. Un espacio totalmente renovado para disfrutar en familia, pensado para chicos y grandes. En la Plaza San Mart\u00edn tambi\u00e9n se colocaron nuevos juegos para seguir sumando lugares de encuentro y recreaci\u00f3n para todas las edades.<\/p>\n<p>Se hizo una menci\u00f3n especial sobre la hamaca inclusiva, que forma parte de los juegos del predio Ex Ferrocarril, est\u00e1 dise\u00f1ada exclusivamente para el uso de ni\u00f1os y ni\u00f1as que se movilizan en silla de ruedas. \u201cPor eso, les pedimos a los adultos que nos acompa\u00f1en ense\u00f1ando a los m\u00e1s chicos a cuidar los juegos. Son espacios pensados para todos, y con un poco de compromiso colectivo podemos garantizar que se mantengan en buen estado y sean seguros para quienes realmente los necesitan\u201d, se\u00f1al\u00f3 el mandatario comunal.<\/p>\n<p><img loading=\"lazy\" class=\"aligncenter size-full wp-image-24409\" src=\"http:\/\/www.revistarescatados.com.ar\/web\/wp-content\/uploads\/2025\/07\/Marcelino-Escalada.jpg\" alt=\"\" width=\"768\" height=\"432\" srcset=\"https:\/\/www.revistarescatados.com.ar\/web\/wp-content\/uploads\/2025\/07\/Marcelino-Escalada.jpg 768w, https:\/\/www.revistarescatados.com.ar\/web\/wp-content\/uploads\/2025\/07\/Marcelino-Escalada-300x169.jpg 300w\" sizes=\"(max-width: 768px) 100vw, 768px\" \/><\/p>\n<h2><strong>Cuidado del arbolado p\u00fablico en Marcelino Escalada<\/strong><\/h2>\n<p>La Comuna de Marcelino Escalada informa a todos los vecinos que, seg\u00fan lo establecido por la Ley Provincial No 13836 (Ley del \u00e1rbol) y la Ley No 9004 (ley de extracci\u00f3n y poda) de la provincia de Santa Fe, todo ejemplar arb\u00f3reo ubicado en el espacio comprendido entre el cord\u00f3n cuneta y la l\u00ednea de la vereda es propiedad comunal, independientemente de qui\u00e9n lo haya plantado.<\/p>\n<p>Por lo tanto, ning\u00fan vecino puede intervenir sobre estos \u00e1rboles sin autorizaci\u00f3n previa de la Comuna. Toda solicitud de poda, extracci\u00f3n o intervenci\u00f3n deber\u00e1 presentarse en la Comuna, donde ser\u00e1 evaluada por personal t\u00e9cnico, a fin de autorizar lo que corresponda conforme a criterios legales y de conservaci\u00f3n del arbolado.<\/p>\n<p>El Ministerio de Medio Ambiente de la provincia de Santa Fe realiza controles peri\u00f3dicos sobre las tareas de poda, plantaci\u00f3n y extracci\u00f3n que se realizan en cada comuna y municipio, exigiendo el cumplimiento estricto de la Ley No 13836.<\/p>\n<p>Toda intervenci\u00f3n no autorizada ser\u00e1 sancionada con una multa, de acuerdo a la normativa vigente.<\/p>\n<p>El arbolado p\u00fablico es un patrimonio com\u00fan que mejora nuestra calidad de vida, embellece nuestro entorno y contribuye al ambiente. Su correcta gesti\u00f3n es responsabilidad de la Comuna, y su cuidado, un compromiso compartido con todos los vecinos.<\/p>\n","protected":false},"excerpt":{"rendered":"<p>&nbsp; Gracias al Programa de Obras Menores 2025, la gesti\u00f3n comunal de Mart\u00edn Truchet, adquiri\u00f3 nuevas herramientas que permitir\u00e1n mejorar los trabajos y servicios comunales. Por otro lado, la comuna de Escalada&#46;&#46;&#46;<\/p>\n","protected":false},"author":1,"featured_media":24597,"comment_status":"closed","ping_status":"closed","sticky":false,"template":"","format":"standard","meta":[],"categories":[4,16,10,1],"tags":[],"_links":{"self":[{"href":"https:\/\/www.revistarescatados.com.ar\/web\/wp-json\/wp\/v2\/posts\/24596"}],"collection":[{"href":"https:\/\/www.revistarescatados.com.ar\/web\/wp-json\/wp\/v2\/posts"}],"about":[{"href":"https:\/\/www.revistarescatados.com.ar\/web\/wp-json\/wp\/v2\/types\/post"}],"author":[{"embeddable":true,"href":"https:\/\/www.revistarescatados.com.ar\/web\/wp-json\/wp\/v2\/users\/1"}],"replies":[{"embeddable":true,"href":"https:\/\/www.revistarescatados.com.ar\/web\/wp-json\/wp\/v2\/comments?post=24596"}],"version-history":[{"count":1,"href":"https:\/\/www.revistarescatados.com.ar\/web\/wp-json\/wp\/v2\/posts\/24596\/revisions"}],"predecessor-version":[{"id":24598,"href":"https:\/\/www.revistarescatados.com.ar\/web\/wp-json\/wp\/v2\/posts\/24596\/revisions\/24598"}],"wp:featuredmedia":[{"embeddable":true,"href":"https:\/\/www.revistarescatados.com.ar\/web\/wp-json\/wp\/v2\/media\/24597"}],"wp:attachment":[{"href":"https:\/\/www.revistarescatados.com.ar\/web\/wp-json\/wp\/v2\/media?parent=24596"}],"wp:term":[{"taxonomy":"category","embeddable":true,"href":"https:\/\/www.revistarescatados.com.ar\/web\/wp-json\/wp\/v2\/categories?post=24596"},{"taxonomy":"post_tag","embeddable":true,"href":"https:\/\/www.revistarescatados.com.ar\/web\/wp-json\/wp\/v2\/tags?post=24596"}],"curies":[{"name":"wp","href":"https:\/\/api.w.org\/{rel}","templated":true}]}}