{"id":24675,"date":"2025-08-25T16:22:21","date_gmt":"2025-08-25T19:22:21","guid":{"rendered":"https:\/\/www.revistarescatados.com.ar\/web\/?p=24675"},"modified":"2025-08-25T16:22:21","modified_gmt":"2025-08-25T19:22:21","slug":"la-comunidad-aborigen-de-calchaqui-reclama-por-obras-de-luz-y-agua","status":"publish","type":"post","link":"https:\/\/www.revistarescatados.com.ar\/web\/2025\/08\/25\/la-comunidad-aborigen-de-calchaqui-reclama-por-obras-de-luz-y-agua\/","title":{"rendered":"La comunidad aborigen de Calchaqu\u00ed reclama por obras de luz y agua"},"content":{"rendered":"<p><strong>\ufe0fEl s\u00e1bado 23 de agosto, en el sal\u00f3n comunitario de la comunidad mocovi &#8220;Todos somos hermanos&#8221;, que alberga a cientos de familias, se reuni\u00f3 un grupo de vecinos con el dirigente barrial Oscar &#8220;Laco&#8221; V\u00e1squez para analizar la problem\u00e1tica y visibilizar su reclamo ante el estado provincial y municipal que podr\u00eda incluir un piquete sobre la ruta nacional 11.<\/strong><\/p>\n<p><img loading=\"lazy\" class=\"aligncenter size-large wp-image-24676\" src=\"http:\/\/www.revistarescatados.com.ar\/web\/wp-content\/uploads\/2025\/08\/Comunidad-aborigen-1024x898.jpg\" alt=\"\" width=\"1024\" height=\"898\" srcset=\"https:\/\/www.revistarescatados.com.ar\/web\/wp-content\/uploads\/2025\/08\/Comunidad-aborigen-1024x898.jpg 1024w, https:\/\/www.revistarescatados.com.ar\/web\/wp-content\/uploads\/2025\/08\/Comunidad-aborigen-300x263.jpg 300w, https:\/\/www.revistarescatados.com.ar\/web\/wp-content\/uploads\/2025\/08\/Comunidad-aborigen-768x673.jpg 768w, https:\/\/www.revistarescatados.com.ar\/web\/wp-content\/uploads\/2025\/08\/Comunidad-aborigen.jpg 1095w\" sizes=\"(max-width: 1024px) 100vw, 1024px\" \/><br \/>\nSolo hay 3 pilares y el resto est\u00e1 &#8220;enganchado&#8221;, por la falta de obras de la EPE que fuera prometida por una funcionaria provincial. Si bien hab\u00eda estipulado un plazo de 100 d\u00edas para resolver la crisis social que genera la falta de infraestructura, ya han pasado 140 d\u00edas y no se avizoran soluciones.<\/p>\n<p>Cabe recordar que en marzo de este a\u00f1o &#8211; en plena campa\u00f1a proselitista &#8211;\u00a0 la referente territorial Juliana Caillat\u00a0 junto con el ministro de desarrollo productivo Gustavo Puccini\u00a0 anunci\u00f3 la terminaci\u00f3n de la obra del tendido el\u00e9ctrico. &#8220;El plazo de ejecuci\u00f3n de la obra es de 100 d\u00edas. Significa una inversi\u00f3n de m\u00e1s de 150 millones de pesos para la construcci\u00f3n del tendido de baja tensi\u00f3n en casi 2000 metros y cableado subterr\u00e1neo de la EPE para mejorar su servicio&#8221;, se hab\u00eda se\u00f1alado en un video en ese momento. All\u00ed tambi\u00e9n estuvo presente Anah\u00ed Rodriguez presidente de la EPE.<\/p>\n<p><strong>PELIGROS PARA LOS VECINOS<\/strong><\/p>\n<p>\ufe0fLos vecinos reconocieron los peligros que conlleva a las conexiones actuales, como tambi\u00e9n la notable ineficiencia del servicio en la vida diaria. &#8220;No se puede enchufar ni un ventilador o la heladera en verano&#8221;, graficaron. &#8220;Parecemos pelotas de ping pong, cuando vamos a reclamar a la EPE, nos dicen que se requiere la voluntad pol\u00edtica y fondos provinciales, pero nada se soluciona&#8221;, reclam\u00f3 otra vecina.<\/p>\n<p>\ufe0fA ello se suma el deficiente servicio de agua potable, por el gran crecimiento demogr\u00e1fico que experiment\u00f3 el barrio y la falta de obras. Ello llev\u00f3 a adelantar que se podr\u00eda realizar una protesta en la ruta nacional 11.<\/p>\n","protected":false},"excerpt":{"rendered":"<p>\ufe0fEl s\u00e1bado 23 de agosto, en el sal\u00f3n comunitario de la comunidad mocovi &#8220;Todos somos hermanos&#8221;, que alberga a cientos de familias, se reuni\u00f3 un grupo de vecinos con el dirigente barrial&#46;&#46;&#46;<\/p>\n","protected":false},"author":1,"featured_media":24676,"comment_status":"closed","ping_status":"closed","sticky":false,"template":"","format":"standard","meta":[],"categories":[2,3,16,8],"tags":[],"_links":{"self":[{"href":"https:\/\/www.revistarescatados.com.ar\/web\/wp-json\/wp\/v2\/posts\/24675"}],"collection":[{"href":"https:\/\/www.revistarescatados.com.ar\/web\/wp-json\/wp\/v2\/posts"}],"about":[{"href":"https:\/\/www.revistarescatados.com.ar\/web\/wp-json\/wp\/v2\/types\/post"}],"author":[{"embeddable":true,"href":"https:\/\/www.revistarescatados.com.ar\/web\/wp-json\/wp\/v2\/users\/1"}],"replies":[{"embeddable":true,"href":"https:\/\/www.revistarescatados.com.ar\/web\/wp-json\/wp\/v2\/comments?post=24675"}],"version-history":[{"count":1,"href":"https:\/\/www.revistarescatados.com.ar\/web\/wp-json\/wp\/v2\/posts\/24675\/revisions"}],"predecessor-version":[{"id":24677,"href":"https:\/\/www.revistarescatados.com.ar\/web\/wp-json\/wp\/v2\/posts\/24675\/revisions\/24677"}],"wp:featuredmedia":[{"embeddable":true,"href":"https:\/\/www.revistarescatados.com.ar\/web\/wp-json\/wp\/v2\/media\/24676"}],"wp:attachment":[{"href":"https:\/\/www.revistarescatados.com.ar\/web\/wp-json\/wp\/v2\/media?parent=24675"}],"wp:term":[{"taxonomy":"category","embeddable":true,"href":"https:\/\/www.revistarescatados.com.ar\/web\/wp-json\/wp\/v2\/categories?post=24675"},{"taxonomy":"post_tag","embeddable":true,"href":"https:\/\/www.revistarescatados.com.ar\/web\/wp-json\/wp\/v2\/tags?post=24675"}],"curies":[{"name":"wp","href":"https:\/\/api.w.org\/{rel}","templated":true}]}}