{"id":24678,"date":"2025-08-25T16:28:44","date_gmt":"2025-08-25T19:28:44","guid":{"rendered":"https:\/\/www.revistarescatados.com.ar\/web\/?p=24678"},"modified":"2025-08-25T16:28:44","modified_gmt":"2025-08-25T19:28:44","slug":"rojas-la-lectura-es-fundamental-en-las-infancias-para-despertar-la-curiosidad-y-desarrollar-la-capacidad-de-razonar","status":"publish","type":"post","link":"https:\/\/www.revistarescatados.com.ar\/web\/2025\/08\/25\/rojas-la-lectura-es-fundamental-en-las-infancias-para-despertar-la-curiosidad-y-desarrollar-la-capacidad-de-razonar\/","title":{"rendered":"Rojas: \u201cLa lectura es fundamental en las infancias para despertar la curiosidad y desarrollar la capacidad de razonar\u201d"},"content":{"rendered":"<p>&nbsp;<\/p>\n<p><strong>En el marco de la Feria del Libro de Vera, organizada por Espacio Abierto, el diputado Sergio \u201cChiqui\u201d Rojas destac\u00f3 el acompa\u00f1amiento de la comunidad y remarc\u00f3 la importancia de fomentar la lectura, especialmente en las infancias.<\/strong><\/p>\n<p><img loading=\"lazy\" class=\"aligncenter size-large wp-image-24679\" src=\"http:\/\/www.revistarescatados.com.ar\/web\/wp-content\/uploads\/2025\/08\/Rojas-feria-del-libro-1024x682.jpg\" alt=\"\" width=\"1024\" height=\"682\" srcset=\"https:\/\/www.revistarescatados.com.ar\/web\/wp-content\/uploads\/2025\/08\/Rojas-feria-del-libro-1024x682.jpg 1024w, https:\/\/www.revistarescatados.com.ar\/web\/wp-content\/uploads\/2025\/08\/Rojas-feria-del-libro-300x200.jpg 300w, https:\/\/www.revistarescatados.com.ar\/web\/wp-content\/uploads\/2025\/08\/Rojas-feria-del-libro-768x512.jpg 768w, https:\/\/www.revistarescatados.com.ar\/web\/wp-content\/uploads\/2025\/08\/Rojas-feria-del-libro-1536x1023.jpg 1536w, https:\/\/www.revistarescatados.com.ar\/web\/wp-content\/uploads\/2025\/08\/Rojas-feria-del-libro.jpg 1600w\" sizes=\"(max-width: 1024px) 100vw, 1024px\" \/><\/p>\n<p>\u201cEn primer lugar, quiero agradecer a todos los que colaboraron: a los escritores, m\u00fasicos y artistas que participaron, a las escuelas que nos visitaron y a quienes se acercaron a disfrutar de este evento, que ya es un cl\u00e1sico de la ciudad de Vera. Fueron dos d\u00edas muy intensos, recibimos cr\u00edticas y comentarios muy positivos\u201d, se\u00f1al\u00f3.<\/p>\n<p>El legislador tambi\u00e9n manifest\u00f3 su preocupaci\u00f3n por los resultados de las pruebas Aprender publicados recientemente: \u201cEs alarmante que 3 de cada 4 chicos de tercer grado no comprendan textos sencillos. Cada vez es mayor la brecha entre quienes asisten a escuelas p\u00fablicas y privadas, y entre distintos niveles socioecon\u00f3micos. No es algo que se solucione de manera r\u00e1pida o sencilla, pero esta gesti\u00f3n viene trabajando el tema con diferentes herramientas, como el Plan de Alfabetizaci\u00f3n Ra\u00edz, y creo que se va a reflejar en pr\u00f3ximas evaluaciones\u201d.<\/p>\n<p>Rojas subray\u00f3 que el compromiso con la lectura no debe recaer \u00fanicamente en la escuela: \u201cNo podemos pedirle a la escuela y a los docentes que carguen con toda la responsabilidad del aprendizaje. Cada uno, desde su lugar, tiene que estar y acompa\u00f1ar. La Feria es una propuesta en este sentido, pero tambi\u00e9n como padres podemos estimular la lectura regalando libros, llevando a los chicos a las bibliotecas y tom\u00e1ndonos un tiempo para leer con ellos\u201d.<\/p>\n<p>Finalmente, el diputado reflexion\u00f3 sobre la relaci\u00f3n entre lectura y nuevas tecnolog\u00edas: \u201cCon una pantalla los chicos aprenden intuitivamente, por repetici\u00f3n, incluso sin saber leer. Tenemos que estimular en ellos la capacidad de pensar, de razonar, de imaginar; y en eso la lectura juega un papel fundamental e irremplazable\u201d.<\/p>\n<p>&nbsp;<\/p>\n","protected":false},"excerpt":{"rendered":"<p>&nbsp; En el marco de la Feria del Libro de Vera, organizada por Espacio Abierto, el diputado Sergio \u201cChiqui\u201d Rojas destac\u00f3 el acompa\u00f1amiento de la comunidad y remarc\u00f3 la importancia de fomentar&#46;&#46;&#46;<\/p>\n","protected":false},"author":1,"featured_media":24679,"comment_status":"closed","ping_status":"closed","sticky":false,"template":"","format":"standard","meta":[],"categories":[7,3,16,15,10],"tags":[],"_links":{"self":[{"href":"https:\/\/www.revistarescatados.com.ar\/web\/wp-json\/wp\/v2\/posts\/24678"}],"collection":[{"href":"https:\/\/www.revistarescatados.com.ar\/web\/wp-json\/wp\/v2\/posts"}],"about":[{"href":"https:\/\/www.revistarescatados.com.ar\/web\/wp-json\/wp\/v2\/types\/post"}],"author":[{"embeddable":true,"href":"https:\/\/www.revistarescatados.com.ar\/web\/wp-json\/wp\/v2\/users\/1"}],"replies":[{"embeddable":true,"href":"https:\/\/www.revistarescatados.com.ar\/web\/wp-json\/wp\/v2\/comments?post=24678"}],"version-history":[{"count":1,"href":"https:\/\/www.revistarescatados.com.ar\/web\/wp-json\/wp\/v2\/posts\/24678\/revisions"}],"predecessor-version":[{"id":24680,"href":"https:\/\/www.revistarescatados.com.ar\/web\/wp-json\/wp\/v2\/posts\/24678\/revisions\/24680"}],"wp:featuredmedia":[{"embeddable":true,"href":"https:\/\/www.revistarescatados.com.ar\/web\/wp-json\/wp\/v2\/media\/24679"}],"wp:attachment":[{"href":"https:\/\/www.revistarescatados.com.ar\/web\/wp-json\/wp\/v2\/media?parent=24678"}],"wp:term":[{"taxonomy":"category","embeddable":true,"href":"https:\/\/www.revistarescatados.com.ar\/web\/wp-json\/wp\/v2\/categories?post=24678"},{"taxonomy":"post_tag","embeddable":true,"href":"https:\/\/www.revistarescatados.com.ar\/web\/wp-json\/wp\/v2\/tags?post=24678"}],"curies":[{"name":"wp","href":"https:\/\/api.w.org\/{rel}","templated":true}]}}