{"id":24681,"date":"2025-08-25T16:40:20","date_gmt":"2025-08-25T19:40:20","guid":{"rendered":"https:\/\/www.revistarescatados.com.ar\/web\/?p=24681"},"modified":"2025-08-25T16:40:20","modified_gmt":"2025-08-25T19:40:20","slug":"estudiantes-italianas-realizan-intercambio-cultural-y-educativo-en-calchaqui","status":"publish","type":"post","link":"https:\/\/www.revistarescatados.com.ar\/web\/2025\/08\/25\/estudiantes-italianas-realizan-intercambio-cultural-y-educativo-en-calchaqui\/","title":{"rendered":"Estudiantes italianas realizan intercambio cultural y educativo en Calchaqu\u00ed"},"content":{"rendered":"<p><strong>Como parte de la actividad de AFS, las adolescentes Vivienne y Mariagrazia fueron recibidas por dos familias de la ciudad para concretar su experiencia durante 6 meses y un a\u00f1o.<\/strong><\/p>\n<p><img loading=\"lazy\" class=\"aligncenter size-full wp-image-24682\" src=\"http:\/\/www.revistarescatados.com.ar\/web\/wp-content\/uploads\/2025\/08\/Estudiantes-italianas.jpg\" alt=\"\" width=\"862\" height=\"463\" srcset=\"https:\/\/www.revistarescatados.com.ar\/web\/wp-content\/uploads\/2025\/08\/Estudiantes-italianas.jpg 862w, https:\/\/www.revistarescatados.com.ar\/web\/wp-content\/uploads\/2025\/08\/Estudiantes-italianas-300x161.jpg 300w, https:\/\/www.revistarescatados.com.ar\/web\/wp-content\/uploads\/2025\/08\/Estudiantes-italianas-768x413.jpg 768w\" sizes=\"(max-width: 862px) 100vw, 862px\" \/><\/p>\n<p>AFS es una ONG internacional que funciona actualmente en m\u00e1s de 60 pa\u00edses. Este a\u00f1o cumple 70 a\u00f1os funcionando en Argentina, en la regi\u00f3n AFS Reconquista funciona desde hace 46 a\u00f1os, abarcando desde Villa Ocampo hasta Calchaqu\u00ed. Espec\u00edficamente en Calchaqu\u00ed lleva 12 a\u00f1os funcionando, hospedando j\u00f3venes de otros piases que vienen a vivir su experiencia aqu\u00ed y tambi\u00e9n enviando j\u00f3venes de Calchaqu\u00ed a vivir la experiencia en el extranjero.<\/p>\n<p>El s\u00e1bado 23 de agosto llegaron Vivienne y Mariagrazia, ambas Italianas que van a vivir sus experiencias en Calchaqu\u00ed, con las familias Faurlin y Capello, respectivamente. Vivienne por 6 meses y Mariagrazia por un a\u00f1o. Los chicos vienen con visas de estudio por lo cual aqu\u00ed acuden a la escuela y deben cursar como un estudiante normal, viven en una casa de familia, lo que les permite experimentar la cultura Argentina a diario, y a su vez compartir la cultura de sus pa\u00edses.<\/p>\n<p>Adem\u00e1s de las chicas que llegaron a Calchaqu\u00ed, en la zona estamos hospedando adolescentes de Turqu\u00eda, Polonia, Brasil, Hong Kong, Francia y Nueva Zelanda, en las localidades de Reconquista, Malabrigo, Avellaneda, Arroyo Ceibal y Flor de Oro.<\/p>\n<p><strong>LABOR DE AFS EN EL MUNDO<\/strong><\/p>\n<p>AFS funciona gracias a su base de voluntarios que nos extendemos por todo el pa\u00eds en Estructuras Voluntarias que abarcan diferentes zonas. Los voluntarios acompa\u00f1amos a los estudiantes, sus familias y escuelas durante toda la experiencia, que impacta en nosotros tambi\u00e9n y nos permite vivir la interculturalidad en carne propia.<\/p>\n<p>El impacto que generan los chicos en las familias anfitrionas, escuelas y comunidades es muy significativo, y viceversa, los estudiantes vuelven a sus pa\u00edses de origen enriquecidos por la experiencia y amando Argentina, la mayor\u00eda de ellos vuelve a visitar a sus familias y amigos varias veces luego de finalizado el intercambio. Para nosotros la labor de AFS es importante porque partimos de la base de que el entendimiento de las diferencias nos permite respetar y conocer al otro.<\/p>\n<p>AFS naci\u00f3 a partir de un grupo de ambulancieros voluntarios estadounidenses que durante la primera y segunda guerra mundial recorr\u00edan los campos de batalla socorriendo soldados de todas las nacionalidades, de ah\u00ed el nombre American Field Service (americanos al servicio del campo).<\/p>\n<p>Una vez finalizada la 2da guerra estas personas se preguntaron de qu\u00e9 forma pod\u00edamos nunca m\u00e1s repetir eso y que prevalezca la paz, y pensaron que si conocemos al otro lo podemos ver m\u00e1s all\u00e1 de las diferencias y respetarnos entre todos, y qu\u00e9 mejor para conocer al otro que viviendo como el otro.<\/p>\n<p>As\u00ed empezaron los intercambios que primero fueron s\u00f3lo hacia EEUU, y ahora se realizan entre todos los pa\u00edses socios de AFS.<\/p>\n<p>&nbsp;<\/p>\n<p>&nbsp;<\/p>\n","protected":false},"excerpt":{"rendered":"<p>Como parte de la actividad de AFS, las adolescentes Vivienne y Mariagrazia fueron recibidas por dos familias de la ciudad para concretar su experiencia durante 6 meses y un a\u00f1o. AFS es&#46;&#46;&#46;<\/p>\n","protected":false},"author":1,"featured_media":24682,"comment_status":"closed","ping_status":"closed","sticky":false,"template":"","format":"standard","meta":[],"categories":[2,7,3,16,15,8],"tags":[],"_links":{"self":[{"href":"https:\/\/www.revistarescatados.com.ar\/web\/wp-json\/wp\/v2\/posts\/24681"}],"collection":[{"href":"https:\/\/www.revistarescatados.com.ar\/web\/wp-json\/wp\/v2\/posts"}],"about":[{"href":"https:\/\/www.revistarescatados.com.ar\/web\/wp-json\/wp\/v2\/types\/post"}],"author":[{"embeddable":true,"href":"https:\/\/www.revistarescatados.com.ar\/web\/wp-json\/wp\/v2\/users\/1"}],"replies":[{"embeddable":true,"href":"https:\/\/www.revistarescatados.com.ar\/web\/wp-json\/wp\/v2\/comments?post=24681"}],"version-history":[{"count":1,"href":"https:\/\/www.revistarescatados.com.ar\/web\/wp-json\/wp\/v2\/posts\/24681\/revisions"}],"predecessor-version":[{"id":24683,"href":"https:\/\/www.revistarescatados.com.ar\/web\/wp-json\/wp\/v2\/posts\/24681\/revisions\/24683"}],"wp:featuredmedia":[{"embeddable":true,"href":"https:\/\/www.revistarescatados.com.ar\/web\/wp-json\/wp\/v2\/media\/24682"}],"wp:attachment":[{"href":"https:\/\/www.revistarescatados.com.ar\/web\/wp-json\/wp\/v2\/media?parent=24681"}],"wp:term":[{"taxonomy":"category","embeddable":true,"href":"https:\/\/www.revistarescatados.com.ar\/web\/wp-json\/wp\/v2\/categories?post=24681"},{"taxonomy":"post_tag","embeddable":true,"href":"https:\/\/www.revistarescatados.com.ar\/web\/wp-json\/wp\/v2\/tags?post=24681"}],"curies":[{"name":"wp","href":"https:\/\/api.w.org\/{rel}","templated":true}]}}