{"id":24684,"date":"2025-08-25T17:19:21","date_gmt":"2025-08-25T20:19:21","guid":{"rendered":"https:\/\/www.revistarescatados.com.ar\/web\/?p=24684"},"modified":"2025-08-25T20:28:16","modified_gmt":"2025-08-25T23:28:16","slug":"centenares-de-ninos-disfrutaron-de-la-cuarta-caravana-y-festejos-organizados-por-fundacion-luminares-en-calchaqui","status":"publish","type":"post","link":"https:\/\/www.revistarescatados.com.ar\/web\/2025\/08\/25\/centenares-de-ninos-disfrutaron-de-la-cuarta-caravana-y-festejos-organizados-por-fundacion-luminares-en-calchaqui\/","title":{"rendered":"Centenares de ni\u00f1os disfrutaron de la cuarta caravana y festejos organizados por Fundaci\u00f3n Luminares en Calchaqu\u00ed"},"content":{"rendered":"<p><strong>Con notable \u00e9xito se desarrollaron las actividades para los ni\u00f1os y sus familias en la Plaza San Mart\u00edn, que incluy\u00f3 una caravana por las calles de la ciudad.<\/strong><\/p>\n<p>Se realiz\u00f3 en la tarde del s\u00e1bado 23 de agosto, con la participaci\u00f3n de cientos de ni\u00f1os y familias, acompa\u00f1ados por polic\u00eda, Bomberos, inspectores, SEM, agrupaciones gauchas, ciclistas y motoqueras. Este a\u00f1o el atractivo fue la carroza del &#8220;Arca de No\u00e9&#8221; con el capibara y animalitos.<\/p>\n<p><img loading=\"lazy\" class=\"aligncenter size-large wp-image-24685\" src=\"http:\/\/www.revistarescatados.com.ar\/web\/wp-content\/uploads\/2025\/08\/Cuarta-caravana-por-la-ninez-1024x767.jpg\" alt=\"\" width=\"1024\" height=\"767\" srcset=\"https:\/\/www.revistarescatados.com.ar\/web\/wp-content\/uploads\/2025\/08\/Cuarta-caravana-por-la-ninez-1024x767.jpg 1024w, https:\/\/www.revistarescatados.com.ar\/web\/wp-content\/uploads\/2025\/08\/Cuarta-caravana-por-la-ninez-300x225.jpg 300w, https:\/\/www.revistarescatados.com.ar\/web\/wp-content\/uploads\/2025\/08\/Cuarta-caravana-por-la-ninez-768x575.jpg 768w, https:\/\/www.revistarescatados.com.ar\/web\/wp-content\/uploads\/2025\/08\/Cuarta-caravana-por-la-ninez.jpg 1280w\" sizes=\"(max-width: 1024px) 100vw, 1024px\" \/><br \/>\nFue en el marco de la Fiesta D\u00eda del Ni\u00f1o organizada por Fundaci\u00f3n Luminares que tuvo lugar en la Plaza San Mart\u00edn, donde miles de vecinos se acercaron a compartir juegos, la presentaci\u00f3n de una obra musical, sorteos de regalos y una rica chocolatada.<\/p>\n<p><img loading=\"lazy\" class=\"aligncenter size-large wp-image-24686\" src=\"http:\/\/www.revistarescatados.com.ar\/web\/wp-content\/uploads\/2025\/08\/Fiesta-Dia-del-Nino-Plaza-San-Martin-1024x576.jpg\" alt=\"\" width=\"1024\" height=\"576\" srcset=\"https:\/\/www.revistarescatados.com.ar\/web\/wp-content\/uploads\/2025\/08\/Fiesta-Dia-del-Nino-Plaza-San-Martin-1024x576.jpg 1024w, https:\/\/www.revistarescatados.com.ar\/web\/wp-content\/uploads\/2025\/08\/Fiesta-Dia-del-Nino-Plaza-San-Martin-300x169.jpg 300w, https:\/\/www.revistarescatados.com.ar\/web\/wp-content\/uploads\/2025\/08\/Fiesta-Dia-del-Nino-Plaza-San-Martin-768x432.jpg 768w, https:\/\/www.revistarescatados.com.ar\/web\/wp-content\/uploads\/2025\/08\/Fiesta-Dia-del-Nino-Plaza-San-Martin.jpg 1280w\" sizes=\"(max-width: 1024px) 100vw, 1024px\" \/><\/p>\n","protected":false},"excerpt":{"rendered":"<p>Con notable \u00e9xito se desarrollaron las actividades para los ni\u00f1os y sus familias en la Plaza San Mart\u00edn, que incluy\u00f3 una caravana por las calles de la ciudad. Se realiz\u00f3 en la&#46;&#46;&#46;<\/p>\n","protected":false},"author":1,"featured_media":24686,"comment_status":"closed","ping_status":"closed","sticky":false,"template":"","format":"standard","meta":[],"categories":[2,7,3,16,10,8],"tags":[],"_links":{"self":[{"href":"https:\/\/www.revistarescatados.com.ar\/web\/wp-json\/wp\/v2\/posts\/24684"}],"collection":[{"href":"https:\/\/www.revistarescatados.com.ar\/web\/wp-json\/wp\/v2\/posts"}],"about":[{"href":"https:\/\/www.revistarescatados.com.ar\/web\/wp-json\/wp\/v2\/types\/post"}],"author":[{"embeddable":true,"href":"https:\/\/www.revistarescatados.com.ar\/web\/wp-json\/wp\/v2\/users\/1"}],"replies":[{"embeddable":true,"href":"https:\/\/www.revistarescatados.com.ar\/web\/wp-json\/wp\/v2\/comments?post=24684"}],"version-history":[{"count":1,"href":"https:\/\/www.revistarescatados.com.ar\/web\/wp-json\/wp\/v2\/posts\/24684\/revisions"}],"predecessor-version":[{"id":24687,"href":"https:\/\/www.revistarescatados.com.ar\/web\/wp-json\/wp\/v2\/posts\/24684\/revisions\/24687"}],"wp:featuredmedia":[{"embeddable":true,"href":"https:\/\/www.revistarescatados.com.ar\/web\/wp-json\/wp\/v2\/media\/24686"}],"wp:attachment":[{"href":"https:\/\/www.revistarescatados.com.ar\/web\/wp-json\/wp\/v2\/media?parent=24684"}],"wp:term":[{"taxonomy":"category","embeddable":true,"href":"https:\/\/www.revistarescatados.com.ar\/web\/wp-json\/wp\/v2\/categories?post=24684"},{"taxonomy":"post_tag","embeddable":true,"href":"https:\/\/www.revistarescatados.com.ar\/web\/wp-json\/wp\/v2\/tags?post=24684"}],"curies":[{"name":"wp","href":"https:\/\/api.w.org\/{rel}","templated":true}]}}