{"id":24688,"date":"2025-08-25T22:02:22","date_gmt":"2025-08-26T01:02:22","guid":{"rendered":"https:\/\/www.revistarescatados.com.ar\/web\/?p=24688"},"modified":"2025-08-25T22:02:41","modified_gmt":"2025-08-26T01:02:41","slug":"dos-detenidos-por-sustraer-chapas-y-tirantes-en-una-tapera-de-san-justo","status":"publish","type":"post","link":"https:\/\/www.revistarescatados.com.ar\/web\/2025\/08\/25\/dos-detenidos-por-sustraer-chapas-y-tirantes-en-una-tapera-de-san-justo\/","title":{"rendered":"Dos detenidos por sustraer chapas y tirantes en una tapera de San Justo"},"content":{"rendered":"<p>&nbsp;<\/p>\n<p><strong>Los sujetos de 38 y 39 a\u00f1os se encontraban desarmando un galp\u00f3n deshabitado y en estado de abandono ubicado dentro de un campo a un kil\u00f3metro de la ciudad.<\/strong><\/p>\n<p><img loading=\"lazy\" class=\"aligncenter size-full wp-image-24689\" src=\"http:\/\/www.revistarescatados.com.ar\/web\/wp-content\/uploads\/2025\/08\/detenido-por-robar-tapera.jpg\" alt=\"\" width=\"645\" height=\"441\" srcset=\"https:\/\/www.revistarescatados.com.ar\/web\/wp-content\/uploads\/2025\/08\/detenido-por-robar-tapera.jpg 645w, https:\/\/www.revistarescatados.com.ar\/web\/wp-content\/uploads\/2025\/08\/detenido-por-robar-tapera-300x205.jpg 300w\" sizes=\"(max-width: 645px) 100vw, 645px\" \/><\/p>\n<p>El viernes 22 de agosto en horas de la tarde, el personal policial de Comando Radioel\u00e9ctrico fue comisionado por la Central 911 hacia un campo ubicado aproximadamente a un kil\u00f3metro al este del ejido urbano, ante el aviso de posibles maniobras de sustracci\u00f3n.<\/p>\n<p>Al arribar al lugar, se constat\u00f3 la presencia de dos hombres en una tapera dentro de la hect\u00e1rea, quienes se encontraban desarmando un galp\u00f3n deshabitado en estado de abandono.<\/p>\n<p>Se procedi\u00f3 a la aprehensi\u00f3n de dos sujetos de 38 y 39 a\u00f1os, y al secuestro preventivo de chapas, tirantes y herramientas.<\/p>\n<p>Se remitieron las actuaciones y los elementos secuestrados a Comisar\u00eda Segunda y los aprehendidos quedaron alojados en Secci\u00f3n Celadur\u00eda U.R. XVI. Interviene el Ministerio P\u00fablico de la Acusaci\u00f3n de la ciudad de San Justo.<\/p>\n<p><strong><u>Secuestro de motoveh\u00edculos <\/u><\/strong><\/p>\n<p>En consonancia con el Decreto Provincial N\u00b0 460\/22, durante el fin de semana el personal del Comando Radioel\u00e9ctrico procedi\u00f3 al secuestro de cuatro motos, en distintos puntos de la ciudad, por falta de documentaci\u00f3n y elementos de seguridad.<\/p>\n","protected":false},"excerpt":{"rendered":"<p>&nbsp; Los sujetos de 38 y 39 a\u00f1os se encontraban desarmando un galp\u00f3n deshabitado y en estado de abandono ubicado dentro de un campo a un kil\u00f3metro de la ciudad. El viernes&#46;&#46;&#46;<\/p>\n","protected":false},"author":1,"featured_media":24689,"comment_status":"closed","ping_status":"closed","sticky":false,"template":"","format":"standard","meta":[],"categories":[4,16,11],"tags":[],"_links":{"self":[{"href":"https:\/\/www.revistarescatados.com.ar\/web\/wp-json\/wp\/v2\/posts\/24688"}],"collection":[{"href":"https:\/\/www.revistarescatados.com.ar\/web\/wp-json\/wp\/v2\/posts"}],"about":[{"href":"https:\/\/www.revistarescatados.com.ar\/web\/wp-json\/wp\/v2\/types\/post"}],"author":[{"embeddable":true,"href":"https:\/\/www.revistarescatados.com.ar\/web\/wp-json\/wp\/v2\/users\/1"}],"replies":[{"embeddable":true,"href":"https:\/\/www.revistarescatados.com.ar\/web\/wp-json\/wp\/v2\/comments?post=24688"}],"version-history":[{"count":1,"href":"https:\/\/www.revistarescatados.com.ar\/web\/wp-json\/wp\/v2\/posts\/24688\/revisions"}],"predecessor-version":[{"id":24690,"href":"https:\/\/www.revistarescatados.com.ar\/web\/wp-json\/wp\/v2\/posts\/24688\/revisions\/24690"}],"wp:featuredmedia":[{"embeddable":true,"href":"https:\/\/www.revistarescatados.com.ar\/web\/wp-json\/wp\/v2\/media\/24689"}],"wp:attachment":[{"href":"https:\/\/www.revistarescatados.com.ar\/web\/wp-json\/wp\/v2\/media?parent=24688"}],"wp:term":[{"taxonomy":"category","embeddable":true,"href":"https:\/\/www.revistarescatados.com.ar\/web\/wp-json\/wp\/v2\/categories?post=24688"},{"taxonomy":"post_tag","embeddable":true,"href":"https:\/\/www.revistarescatados.com.ar\/web\/wp-json\/wp\/v2\/tags?post=24688"}],"curies":[{"name":"wp","href":"https:\/\/api.w.org\/{rel}","templated":true}]}}