{"id":24760,"date":"2025-09-08T22:06:18","date_gmt":"2025-09-09T01:06:18","guid":{"rendered":"https:\/\/www.revistarescatados.com.ar\/web\/?p=24760"},"modified":"2025-09-08T22:06:18","modified_gmt":"2025-09-09T01:06:18","slug":"emprender-calchaqui-cumplio-una-decada-de-vigencia","status":"publish","type":"post","link":"https:\/\/www.revistarescatados.com.ar\/web\/2025\/09\/08\/emprender-calchaqui-cumplio-una-decada-de-vigencia\/","title":{"rendered":"Emprender Calchaqu\u00ed cumpli\u00f3 una d\u00e9cada de vigencia"},"content":{"rendered":"<p><strong>Hubo disertaciones sobre inteligencia artificial a cargo de Cecilia Rodr\u00edguez. Seis reconocidos emprendedores de Calchaqu\u00ed y Reconquista contaron sus experiencias ante el nutrido p\u00fablico de estudiantes y vecinos. Adem\u00e1s hubo stands institucionales y una feria de artesanos y emprendedores sobre la calle San Mart\u00edn.\u00a0<\/strong><\/p>\n<p><img loading=\"lazy\" class=\"aligncenter size-large wp-image-24761\" src=\"http:\/\/www.revistarescatados.com.ar\/web\/wp-content\/uploads\/2025\/09\/eMPRENDER-cALCHAQUI-1024x739.jpg\" alt=\"\" width=\"1024\" height=\"739\" srcset=\"https:\/\/www.revistarescatados.com.ar\/web\/wp-content\/uploads\/2025\/09\/eMPRENDER-cALCHAQUI-1024x739.jpg 1024w, https:\/\/www.revistarescatados.com.ar\/web\/wp-content\/uploads\/2025\/09\/eMPRENDER-cALCHAQUI-300x217.jpg 300w, https:\/\/www.revistarescatados.com.ar\/web\/wp-content\/uploads\/2025\/09\/eMPRENDER-cALCHAQUI-768x555.jpg 768w, https:\/\/www.revistarescatados.com.ar\/web\/wp-content\/uploads\/2025\/09\/eMPRENDER-cALCHAQUI.jpg 1443w\" sizes=\"(max-width: 1024px) 100vw, 1024px\" \/><br \/>\nEl ciclo de promoci\u00f3n del emprendedurismo organizado por el ISP nro. 66 celebr\u00f3 sus 10 a\u00f1os de vigencia. Se realiz\u00f3 el viernes 5 de septiembre de 15 a 22 horas en el sal\u00f3n del Club de Abuelos con disertaciones de la Lic. Cecilia Rodriguez sobre inteligencia artificial. La disertante fue declarada Hu\u00e9sped de honor por el municipio local.<\/p>\n<p><span style=\"font-weight: 400;\">&#8220;Este evento que cumple una d\u00e9cada de vigencia, surgi\u00f3 como iniciativa del ISP N\u00b0 66 ( Ex Anexo 2004) de la localidad de Calchaqu\u00ed en su inter\u00e9s por ofrecer algo motivador para la regi\u00f3n, en especial para los j\u00f3venes emprendedores, ya que consideramos que en ellos est\u00e1 la semilla de la pujanza y el crecimiento de esta ciudad y de la zona&#8221;, se\u00f1al\u00f3 la directora del ISP 66 Prof. Paola Fabre.<\/span><\/p>\n<p><span style=\"font-weight: 400;\">&#8220;Nuestra propuesta tuvo sus inicios en Calchaqu\u00ed en el a\u00f1o 2015. Afortunadamente, hoy estamos transitando su d\u00e9cima edici\u00f3n. Es importante recordar que tambi\u00e9n durante la pandemia se abordaron dos ediciones en modalidad virtual, en 2020 y 2021. Adem\u00e1s, este evento se expandi\u00f3 hacia la localidad de La Criolla en 2018 y este a\u00f1o, por motivo de los festejos de los 10 a\u00f1os, se har\u00e1 una \u00fanica edici\u00f3n&#8221;, a\u00f1adi\u00f3<\/span><\/p>\n<p><span style=\"font-weight: 400;\">Esta innovadora propuesta ha sido reconocida de Inter\u00e9s Comunitario en el 2020, por el Honorable Concejo Municipal, a trav\u00e9s del Decreto N\u00ba 044 y en el 2022 fue declarada de Inter\u00e9s Comunitario, Educativo y Social a trav\u00e9s de Declaraci\u00f3n N\u00ba002\/2022 del Honorable Concejo Municipal. La d\u00e9cima edici\u00f3n del Emprender fue declarada de inter\u00e9s por la C\u00e1mara de Senadores de Santa Fe.<\/span><\/p>\n<div id=\"attachment_24762\" style=\"width: 1034px\" class=\"wp-caption aligncenter\"><img aria-describedby=\"caption-attachment-24762\" loading=\"lazy\" class=\"size-large wp-image-24762\" src=\"http:\/\/www.revistarescatados.com.ar\/web\/wp-content\/uploads\/2025\/09\/EMPRENDER-CALCHAQUI-EMPRENDEDORES-1024x683.jpg\" alt=\"\" width=\"1024\" height=\"683\" srcset=\"https:\/\/www.revistarescatados.com.ar\/web\/wp-content\/uploads\/2025\/09\/EMPRENDER-CALCHAQUI-EMPRENDEDORES-1024x683.jpg 1024w, https:\/\/www.revistarescatados.com.ar\/web\/wp-content\/uploads\/2025\/09\/EMPRENDER-CALCHAQUI-EMPRENDEDORES-300x200.jpg 300w, https:\/\/www.revistarescatados.com.ar\/web\/wp-content\/uploads\/2025\/09\/EMPRENDER-CALCHAQUI-EMPRENDEDORES-768x512.jpg 768w, https:\/\/www.revistarescatados.com.ar\/web\/wp-content\/uploads\/2025\/09\/EMPRENDER-CALCHAQUI-EMPRENDEDORES-1536x1024.jpg 1536w, https:\/\/www.revistarescatados.com.ar\/web\/wp-content\/uploads\/2025\/09\/EMPRENDER-CALCHAQUI-EMPRENDEDORES.jpg 2048w\" sizes=\"(max-width: 1024px) 100vw, 1024px\" \/><p id=\"caption-attachment-24762\" class=\"wp-caption-text\">Processed with VSCO with we10 preset<\/p><\/div>\n<p><strong>EXPERIENCIAS DE EMPRENDEDORES<\/strong><br \/>\nAdem\u00e1s se realizaron entrevistas sobre su experiencia y formaci\u00f3n a reconocidos emprendedores como el ing. agr\u00f3nomo Orlando Pilatti y Germ\u00e1n Stahringer de la empresa Auxxon Reconquista, Mauricio Acosta de LaHOZ Cortinados de Calchaqu\u00ed, Alejandro Pigh\u00edn, creador de la app CronoGranja sobre producci\u00f3n porcina y el d\u00fao 2en2 covers integrado por Gabriel Baz\u00e1n y Lisandro, que tambi\u00e9n brind\u00f3 el cierre musical al evento.<\/p>\n<p><img loading=\"lazy\" class=\"aligncenter size-large wp-image-24763\" src=\"http:\/\/www.revistarescatados.com.ar\/web\/wp-content\/uploads\/2025\/09\/EMPRENDER-CALCHAQUI-FERIA-1024x666.jpg\" alt=\"\" width=\"1024\" height=\"666\" srcset=\"https:\/\/www.revistarescatados.com.ar\/web\/wp-content\/uploads\/2025\/09\/EMPRENDER-CALCHAQUI-FERIA-1024x666.jpg 1024w, https:\/\/www.revistarescatados.com.ar\/web\/wp-content\/uploads\/2025\/09\/EMPRENDER-CALCHAQUI-FERIA-300x195.jpg 300w, https:\/\/www.revistarescatados.com.ar\/web\/wp-content\/uploads\/2025\/09\/EMPRENDER-CALCHAQUI-FERIA-768x499.jpg 768w, https:\/\/www.revistarescatados.com.ar\/web\/wp-content\/uploads\/2025\/09\/EMPRENDER-CALCHAQUI-FERIA-1536x999.jpg 1536w, https:\/\/www.revistarescatados.com.ar\/web\/wp-content\/uploads\/2025\/09\/EMPRENDER-CALCHAQUI-FERIA.jpg 2002w\" sizes=\"(max-width: 1024px) 100vw, 1024px\" \/><\/p>\n<p><strong>FERIA DE EMPRENDEDORES<\/strong><br \/>\nEl evento incluy\u00f3 un paseo de stands de alumnos y entidades como el Hogar de ancianos San Antonio de Padua, C\u00e1ritas Parroquial, CECLA 6670, EEA 351 de Pedro Gomez Cello como tambi\u00e9n una feria de artesanos y emprendedores sobre la calle San Mart\u00edn, convocada por la Secretar\u00eda de la producci\u00f3n municipal.<\/p>\n<p>Fue organizada por el ISP N\u00b0 66, junto a los Centros Comerciales e Industriales de Calchaqu\u00ed y de La Criolla, Municipalidad de<br \/>\nCalchaqu\u00ed, con la colaboraci\u00f3n del Banco Credicoop filial Calchaqu\u00ed y el auspicio de los senadores provinciales Osvaldo Sosa y Rodrigo Borla junto a empresas de la regi\u00f3n.<\/p>\n<p>&nbsp;<\/p>\n","protected":false},"excerpt":{"rendered":"<p>Hubo disertaciones sobre inteligencia artificial a cargo de Cecilia Rodr\u00edguez. Seis reconocidos emprendedores de Calchaqu\u00ed y Reconquista contaron sus experiencias ante el nutrido p\u00fablico de estudiantes y vecinos. Adem\u00e1s hubo stands institucionales&#46;&#46;&#46;<\/p>\n","protected":false},"author":1,"featured_media":24761,"comment_status":"closed","ping_status":"closed","sticky":false,"template":"","format":"standard","meta":[],"categories":[2,3,16,15,10,8],"tags":[],"_links":{"self":[{"href":"https:\/\/www.revistarescatados.com.ar\/web\/wp-json\/wp\/v2\/posts\/24760"}],"collection":[{"href":"https:\/\/www.revistarescatados.com.ar\/web\/wp-json\/wp\/v2\/posts"}],"about":[{"href":"https:\/\/www.revistarescatados.com.ar\/web\/wp-json\/wp\/v2\/types\/post"}],"author":[{"embeddable":true,"href":"https:\/\/www.revistarescatados.com.ar\/web\/wp-json\/wp\/v2\/users\/1"}],"replies":[{"embeddable":true,"href":"https:\/\/www.revistarescatados.com.ar\/web\/wp-json\/wp\/v2\/comments?post=24760"}],"version-history":[{"count":1,"href":"https:\/\/www.revistarescatados.com.ar\/web\/wp-json\/wp\/v2\/posts\/24760\/revisions"}],"predecessor-version":[{"id":24764,"href":"https:\/\/www.revistarescatados.com.ar\/web\/wp-json\/wp\/v2\/posts\/24760\/revisions\/24764"}],"wp:featuredmedia":[{"embeddable":true,"href":"https:\/\/www.revistarescatados.com.ar\/web\/wp-json\/wp\/v2\/media\/24761"}],"wp:attachment":[{"href":"https:\/\/www.revistarescatados.com.ar\/web\/wp-json\/wp\/v2\/media?parent=24760"}],"wp:term":[{"taxonomy":"category","embeddable":true,"href":"https:\/\/www.revistarescatados.com.ar\/web\/wp-json\/wp\/v2\/categories?post=24760"},{"taxonomy":"post_tag","embeddable":true,"href":"https:\/\/www.revistarescatados.com.ar\/web\/wp-json\/wp\/v2\/tags?post=24760"}],"curies":[{"name":"wp","href":"https:\/\/api.w.org\/{rel}","templated":true}]}}