{"id":24765,"date":"2025-09-08T22:19:32","date_gmt":"2025-09-09T01:19:32","guid":{"rendered":"https:\/\/www.revistarescatados.com.ar\/web\/?p=24765"},"modified":"2025-09-08T22:21:25","modified_gmt":"2025-09-09T01:21:25","slug":"el-indiecito-2025-de-calchaqui-fc-reunio-a-mas-de-1500-jugadores","status":"publish","type":"post","link":"https:\/\/www.revistarescatados.com.ar\/web\/2025\/09\/08\/el-indiecito-2025-de-calchaqui-fc-reunio-a-mas-de-1500-jugadores\/","title":{"rendered":"El Indiecito 2025 de Calchaqu\u00ed FC reuni\u00f3 a m\u00e1s de 1500 jugadores"},"content":{"rendered":"<p><strong>Con la participaci\u00f3n de m\u00e1s de 80 equipos, se llev\u00f3 a cabo este fin de semana el torneo de f\u00fatbol infantil y juvenil en las 6 categor\u00edas disputadas de 2013 a 2019, con peque\u00f1os de toda la provincia de Santa Fe, Entre R\u00edos y Santiago del Estero.<\/strong><\/p>\n<p><img loading=\"lazy\" class=\"aligncenter size-large wp-image-24766\" src=\"http:\/\/www.revistarescatados.com.ar\/web\/wp-content\/uploads\/2025\/09\/Indiecito-2025-1024x568.jpg\" alt=\"\" width=\"1024\" height=\"568\" srcset=\"https:\/\/www.revistarescatados.com.ar\/web\/wp-content\/uploads\/2025\/09\/Indiecito-2025-1024x568.jpg 1024w, https:\/\/www.revistarescatados.com.ar\/web\/wp-content\/uploads\/2025\/09\/Indiecito-2025-300x167.jpg 300w, https:\/\/www.revistarescatados.com.ar\/web\/wp-content\/uploads\/2025\/09\/Indiecito-2025-768x426.jpg 768w, https:\/\/www.revistarescatados.com.ar\/web\/wp-content\/uploads\/2025\/09\/Indiecito-2025.jpg 1470w\" sizes=\"(max-width: 1024px) 100vw, 1024px\" \/><br \/>\nEl certamen se desarroll\u00f3 en 6 categor\u00edas desde el a\u00f1o 2013 a 2019, con un nutrido marco de p\u00fablico que acompa\u00f1a a los m\u00e1s de 80 equipos participantes.<\/p>\n<p>Con notable \u00e9xito, se desarrolla el multitudinario encuentro futbol\u00edstico organizado por la Escuela de f\u00fatbol infantil y juvenil de Calchaqui FC, este 6 y 7 de septiembre de 2025.<\/p>\n<p>Por el estadio &#8220;Ciudad de Calchaqu\u00ed&#8221;, han pasado cerca de 5000 almas a disfrutar, alentar y compartir las jornadas deportivas, de confraternidad familiar y pasi\u00f3n futbolera. Cada a\u00f1o, decenas de delegaciones de la provincia y el pa\u00eds se dan cita al m\u00edtico Indiecito de Calchaqu\u00ed y comparten la hospitalidad de numerosas instituciones que ceden sus instalaciones para cobijarlos.<br \/>\n<img loading=\"lazy\" class=\"aligncenter size-large wp-image-24767\" src=\"http:\/\/www.revistarescatados.com.ar\/web\/wp-content\/uploads\/2025\/09\/Indiecito-2025-1-1024x768.jpg\" alt=\"\" width=\"1024\" height=\"768\" srcset=\"https:\/\/www.revistarescatados.com.ar\/web\/wp-content\/uploads\/2025\/09\/Indiecito-2025-1-1024x768.jpg 1024w, https:\/\/www.revistarescatados.com.ar\/web\/wp-content\/uploads\/2025\/09\/Indiecito-2025-1-300x225.jpg 300w, https:\/\/www.revistarescatados.com.ar\/web\/wp-content\/uploads\/2025\/09\/Indiecito-2025-1-768x576.jpg 768w, https:\/\/www.revistarescatados.com.ar\/web\/wp-content\/uploads\/2025\/09\/Indiecito-2025-1.jpg 1040w\" sizes=\"(max-width: 1024px) 100vw, 1024px\" \/><\/p>\n<h3><strong>RESULTADOS FINALES DEL TORNEO INDIECITO 2025 DE CALCHAQUI FC<\/strong><\/h3>\n<p>Aqu\u00ed compartimos los resultados de las 6 categor\u00edas que disputaron copas de oro y plata en el torneo de f\u00fatbol infantil realizado\u00a0 en Calchaqu\u00ed FC.<\/p>\n<p>\u2705\ufe0f<strong>CATEGOR\u00cdA 2013<\/strong><br \/>\n<strong>COPA DE ORO<\/strong><br \/>\n1\u00b0 C.A. BEN HUR (Rafaela) &#8211; AZUL<br \/>\n2\u00b0 C.A. JUVENTUD (Malabrigo)<br \/>\n3\u00b0 C.A. SARMIENTO (Margarita)<br \/>\n4\u00b0 CARLOS GARDEL<br \/>\n<strong>COPA DE PLATA<\/strong><br \/>\n1\u00b0 CALCHAQUI F.C.<br \/>\n2\u00b0 C.A. UNION (Gdor. Crespo)<\/p>\n<p>\u2705<strong>\ufe0fCATEGOR\u00cdA 2014<\/strong><br \/>\n<strong>COPA DE ORO<\/strong><br \/>\n1\u00b0 C.A. COLON DE SANTA FE<br \/>\n2\u00b0 HURACAN &#8211; VILLA OCAMPO<br \/>\n3\u00b0 HURACAN F.C. &#8211; VERA<br \/>\n4\u00b0 C.A. JUVENTUD (Malabrigo)<br \/>\n<strong>COPA DE PLATA<\/strong><br \/>\n1\u00b0 CALCHAQUI F.C.<br \/>\n2\u00b0 CARLOS GARDEL<\/p>\n<p>\u2705\ufe0f<strong>CATEGOR\u00cdA 2015<\/strong><br \/>\n<strong>COPA DE ORO<\/strong><br \/>\n1\u00b0 C.A. COLON DE SANTA FE<br \/>\n2\u00b0 CALCHAQUI F.C.<br \/>\n3\u00b0 MEJOR FUTURO &#8211; VERA<br \/>\n4\u00b0 C.A. JUVENTUD (Malabrigo)<br \/>\n<strong>COPA DE PLATA<\/strong><br \/>\n1\u00b0 C.A. y C. COLON de Toba<br \/>\n2\u00b0 C.A. BELGRANO (Gdor. Crespo)<\/p>\n<p>\u2705<strong>\ufe0fCATEGOR\u00cdA 2016<\/strong><br \/>\n<strong>COPA DE ORO<\/strong><br \/>\n1\u00b0 C.A. LA SARITA &#8211; BLANCO<br \/>\n2\u00b0 C.A. LA SARITA &#8211; ROJO<br \/>\n3\u00b0 ATLETICO Y TIRO &#8211; RECONQUISTA<br \/>\n4\u00b0 C.A. JUVENTUD (Malabrigo)<br \/>\n<strong>COPA DE PLATA<\/strong><br \/>\n1\u00b0 RIVER &#8211; SAN MARTIN NORTE<br \/>\n2\u00b0 COMUNIDAD COMCAIARIPI<\/p>\n<p>\u2705\ufe0f<strong>CATEGOR\u00cdA 2017<\/strong><br \/>\n<strong>COPA DE ORO<\/strong><br \/>\n1\u00b0 C.A. FERRO (Rafaela)<br \/>\n2\u00b0 C.A. LA SARITA<br \/>\n3\u00b0 CALCHAQUI F.C. &#8211; BLANCO<br \/>\n4\u00b0 MEJOR FUTURO &#8211; VERA<br \/>\n<strong>COPA DE PLATA<\/strong><br \/>\n1\u00b0 C.A. JUVENTUD (Malabrigo)<br \/>\n2\u00b0 C.A.ARGENTINO (Humb. Primo)<\/p>\n<p>\u2705\ufe0f<strong>CATEGOR\u00cdA 2018-19<\/strong><br \/>\n<strong>COPA DE ORO<\/strong><br \/>\n1\u00b0 ATL\u00c9TICO FRANCK<br \/>\n2\u00b0 C.A. BELGRANO (Gdor. Crespo)<br \/>\n3\u00b0 C.A. JUVENTUD (Malabrigo)<br \/>\n4\u00b0 LOS TOSQUERITOS<br \/>\n<strong>COPA DE PLATA<\/strong><br \/>\n1\u00b0 CALCHAQUI F.C.<br \/>\n2\u00b0 ESC. FORMANDO CAMPEONES<\/p>\n","protected":false},"excerpt":{"rendered":"<p>Con la participaci\u00f3n de m\u00e1s de 80 equipos, se llev\u00f3 a cabo este fin de semana el torneo de f\u00fatbol infantil y juvenil en las 6 categor\u00edas disputadas de 2013 a 2019,&#46;&#46;&#46;<\/p>\n","protected":false},"author":1,"featured_media":24766,"comment_status":"closed","ping_status":"closed","sticky":false,"template":"","format":"standard","meta":[],"categories":[2,3,17,16,8],"tags":[],"_links":{"self":[{"href":"https:\/\/www.revistarescatados.com.ar\/web\/wp-json\/wp\/v2\/posts\/24765"}],"collection":[{"href":"https:\/\/www.revistarescatados.com.ar\/web\/wp-json\/wp\/v2\/posts"}],"about":[{"href":"https:\/\/www.revistarescatados.com.ar\/web\/wp-json\/wp\/v2\/types\/post"}],"author":[{"embeddable":true,"href":"https:\/\/www.revistarescatados.com.ar\/web\/wp-json\/wp\/v2\/users\/1"}],"replies":[{"embeddable":true,"href":"https:\/\/www.revistarescatados.com.ar\/web\/wp-json\/wp\/v2\/comments?post=24765"}],"version-history":[{"count":3,"href":"https:\/\/www.revistarescatados.com.ar\/web\/wp-json\/wp\/v2\/posts\/24765\/revisions"}],"predecessor-version":[{"id":24770,"href":"https:\/\/www.revistarescatados.com.ar\/web\/wp-json\/wp\/v2\/posts\/24765\/revisions\/24770"}],"wp:featuredmedia":[{"embeddable":true,"href":"https:\/\/www.revistarescatados.com.ar\/web\/wp-json\/wp\/v2\/media\/24766"}],"wp:attachment":[{"href":"https:\/\/www.revistarescatados.com.ar\/web\/wp-json\/wp\/v2\/media?parent=24765"}],"wp:term":[{"taxonomy":"category","embeddable":true,"href":"https:\/\/www.revistarescatados.com.ar\/web\/wp-json\/wp\/v2\/categories?post=24765"},{"taxonomy":"post_tag","embeddable":true,"href":"https:\/\/www.revistarescatados.com.ar\/web\/wp-json\/wp\/v2\/tags?post=24765"}],"curies":[{"name":"wp","href":"https:\/\/api.w.org\/{rel}","templated":true}]}}