{"id":24851,"date":"2025-09-25T21:54:19","date_gmt":"2025-09-26T00:54:19","guid":{"rendered":"https:\/\/www.revistarescatados.com.ar\/web\/?p=24851"},"modified":"2025-09-25T21:54:19","modified_gmt":"2025-09-26T00:54:19","slug":"dioni-scarpin-luego-de-mucho-insistir-hoy-la-justicia-del-norte-se-refuerza-con-nuevas-designaciones","status":"publish","type":"post","link":"https:\/\/www.revistarescatados.com.ar\/web\/2025\/09\/25\/dioni-scarpin-luego-de-mucho-insistir-hoy-la-justicia-del-norte-se-refuerza-con-nuevas-designaciones\/","title":{"rendered":"Dioni Scarpin: \u201cLuego de mucho insistir, hoy la Justicia del norte se refuerza con nuevas designaciones\u201d"},"content":{"rendered":"<p>&nbsp;<\/p>\n<p><strong>La Asamblea Legislativa aprob\u00f3 este jueves los pliegos de jueces y defensores para la ciudad de Reconquista. Dionisio Scarpin destac\u00f3 que designaciones responden a un reclamo hist\u00f3rico de dotar al norte santafesino de la estructura judicial que hace a\u00f1os viene necesitando.<\/strong><\/p>\n<p><img loading=\"lazy\" class=\"aligncenter size-large wp-image-23159\" src=\"http:\/\/www.revistarescatados.com.ar\/web\/wp-content\/uploads\/2024\/12\/DIPUTADO-DIONISIO-SCARPIN-1024x768.jpg\" alt=\"\" width=\"1024\" height=\"768\" srcset=\"https:\/\/www.revistarescatados.com.ar\/web\/wp-content\/uploads\/2024\/12\/DIPUTADO-DIONISIO-SCARPIN-1024x768.jpg 1024w, https:\/\/www.revistarescatados.com.ar\/web\/wp-content\/uploads\/2024\/12\/DIPUTADO-DIONISIO-SCARPIN-300x225.jpg 300w, https:\/\/www.revistarescatados.com.ar\/web\/wp-content\/uploads\/2024\/12\/DIPUTADO-DIONISIO-SCARPIN-768x576.jpg 768w, https:\/\/www.revistarescatados.com.ar\/web\/wp-content\/uploads\/2024\/12\/DIPUTADO-DIONISIO-SCARPIN.jpg 1280w\" sizes=\"(max-width: 1024px) 100vw, 1024px\" \/><\/p>\n<p>La C\u00e1mara de Diputados dio sanci\u00f3n a los pliegos de Franco Raschetti como juez civil y comercial, Mar\u00eda del Mar Della Rosa como jueza laboral, Hern\u00e1n Andr\u00e9s Juli\u00e1n como juez subrogante de Familia, y de Tania Stechina, Mar\u00eda Gimena Galbusera y Valeria Lorena Tourn como defensoras adjuntas subrogantes del Servicio P\u00fablico de la Defensa Penal, que trabajar\u00e1n en los tribunales de Reconquista. \u201cCada designaci\u00f3n que conseguimos es un paso m\u00e1s para fortalecer la Justicia en el norte. Estos nombramientos son parte de un proceso que venimos reclamando hace a\u00f1os y que de a poco empieza a saldarse\u201d, afirm\u00f3 Dionisio Scarpin.<\/p>\n<p>El diputado provincial resalt\u00f3 que estas incorporaciones representan un avance concreto en el funcionamiento del sistema judicial. \u201cCon jueces y defensores en sus puestos, las causas van a resolverse m\u00e1s r\u00e1pido y la gente va a sentir que la justicia responde cuando la necesita\u201d, se\u00f1al\u00f3.<\/p>\n<p>Al mismo tiempo, advirti\u00f3 que el proceso no est\u00e1 terminado y que todav\u00eda falta mucho por hacer. \u201cHoy celebramos este avance, pero vamos a seguir insistiendo: el norte necesita una Justicia con recursos, previsibilidad y la seriedad que la gente merece\u201d, concluy\u00f3.<\/p>\n","protected":false},"excerpt":{"rendered":"<p>&nbsp; La Asamblea Legislativa aprob\u00f3 este jueves los pliegos de jueces y defensores para la ciudad de Reconquista. Dionisio Scarpin destac\u00f3 que designaciones responden a un reclamo hist\u00f3rico de dotar al norte&#46;&#46;&#46;<\/p>\n","protected":false},"author":1,"featured_media":23159,"comment_status":"closed","ping_status":"closed","sticky":false,"template":"","format":"standard","meta":[],"categories":[6,16,10,13],"tags":[],"_links":{"self":[{"href":"https:\/\/www.revistarescatados.com.ar\/web\/wp-json\/wp\/v2\/posts\/24851"}],"collection":[{"href":"https:\/\/www.revistarescatados.com.ar\/web\/wp-json\/wp\/v2\/posts"}],"about":[{"href":"https:\/\/www.revistarescatados.com.ar\/web\/wp-json\/wp\/v2\/types\/post"}],"author":[{"embeddable":true,"href":"https:\/\/www.revistarescatados.com.ar\/web\/wp-json\/wp\/v2\/users\/1"}],"replies":[{"embeddable":true,"href":"https:\/\/www.revistarescatados.com.ar\/web\/wp-json\/wp\/v2\/comments?post=24851"}],"version-history":[{"count":1,"href":"https:\/\/www.revistarescatados.com.ar\/web\/wp-json\/wp\/v2\/posts\/24851\/revisions"}],"predecessor-version":[{"id":24852,"href":"https:\/\/www.revistarescatados.com.ar\/web\/wp-json\/wp\/v2\/posts\/24851\/revisions\/24852"}],"wp:featuredmedia":[{"embeddable":true,"href":"https:\/\/www.revistarescatados.com.ar\/web\/wp-json\/wp\/v2\/media\/23159"}],"wp:attachment":[{"href":"https:\/\/www.revistarescatados.com.ar\/web\/wp-json\/wp\/v2\/media?parent=24851"}],"wp:term":[{"taxonomy":"category","embeddable":true,"href":"https:\/\/www.revistarescatados.com.ar\/web\/wp-json\/wp\/v2\/categories?post=24851"},{"taxonomy":"post_tag","embeddable":true,"href":"https:\/\/www.revistarescatados.com.ar\/web\/wp-json\/wp\/v2\/tags?post=24851"}],"curies":[{"name":"wp","href":"https:\/\/api.w.org\/{rel}","templated":true}]}}