{"id":24858,"date":"2025-09-26T21:34:36","date_gmt":"2025-09-27T00:34:36","guid":{"rendered":"https:\/\/www.revistarescatados.com.ar\/web\/?p=24858"},"modified":"2025-09-26T21:34:36","modified_gmt":"2025-09-27T00:34:36","slug":"para-cumplir-el-sueno-de-la-casa-propia-sortearon-las-primeras-34-viviendas-en-reconquista","status":"publish","type":"post","link":"https:\/\/www.revistarescatados.com.ar\/web\/2025\/09\/26\/para-cumplir-el-sueno-de-la-casa-propia-sortearon-las-primeras-34-viviendas-en-reconquista\/","title":{"rendered":"Para cumplir el sue\u00f1o de la casa propia, sortearon las primeras 34 viviendas en Reconquista"},"content":{"rendered":"<div><\/div>\n<div><\/div>\n<div><\/div>\n<div><\/div>\n<div><strong>Corresponden al plan de 212 unidades habitacionales que se encontraban paralizadas al inicio de la gesti\u00f3n y que el gobernador Pullaro reactiv\u00f3 para su terminaci\u00f3n, con una inversi\u00f3n superior a los $24 mil millones. El sorteo se realiz\u00f3\u00a0 en la sede de la Loter\u00eda de Santa Fe.<\/strong><\/div>\n<div><\/div>\n<div><img loading=\"lazy\" class=\"aligncenter size-full wp-image-24859\" src=\"http:\/\/www.revistarescatados.com.ar\/web\/wp-content\/uploads\/2025\/09\/Viviendas-Reconquista.jpg\" alt=\"\" width=\"800\" height=\"450\" srcset=\"https:\/\/www.revistarescatados.com.ar\/web\/wp-content\/uploads\/2025\/09\/Viviendas-Reconquista.jpg 800w, https:\/\/www.revistarescatados.com.ar\/web\/wp-content\/uploads\/2025\/09\/Viviendas-Reconquista-300x169.jpg 300w, https:\/\/www.revistarescatados.com.ar\/web\/wp-content\/uploads\/2025\/09\/Viviendas-Reconquista-768x432.jpg 768w\" sizes=\"(max-width: 800px) 100vw, 800px\" \/><\/div>\n<div><\/div>\n<div>El Gobierno de la Provincia de Santa Fe, a trav\u00e9s del Ministerio de Obras P\u00fablicas, realiz\u00f3 este viernes 26 de septiembre el sorteo de 34 viviendas para la ciudad de Reconquista, departamento General Obligado.<\/div>\n<div><\/div>\n<div>Se trata de la primera etapa del plan habitacional que contempla un total de 212 unidades, obra que hab\u00eda quedado paralizada y que fue reactivada por la gesti\u00f3n del gobernador Pullaro. El sorteo se llev\u00f3 a cabo en la sede de la Loter\u00eda de Santa Fe y con m\u00e1s de 1.000 personas siguiendo la transmisi\u00f3n en vivo por YouTube.<\/div>\n<div><\/div>\n<div>La jornada fue seguida por la subsecretaria de Desarrollo del H\u00e1bitat, Andrea Zorz\u00f3n, quien destac\u00f3 que \u201cel gobernador Maximiliano Pullaro y el ministro Lisandro Enrico decidieron dar continuidad al plan de 212 viviendas que se encontraba completamente paralizado, con un nivel de avance de apenas el 15 %. Se defini\u00f3 que, con recursos propios de los santafesinos, se retomar\u00e1 la obra en etapas. Hoy, tras finalizar la primera etapa, realizamos un sorteo p\u00fablico y transparente en la Loter\u00eda para identificar a las primeras 34 familias que iniciar\u00e1n el proceso de adjudicaci\u00f3n\u201d.<\/div>\n<div><\/div>\n<div>Tras el sorteo de las 34 viviendas, el secretario de H\u00e1bitat y Vivienda, Lucas Crivelli, se refiri\u00f3 al desarrollo de la obra que lleva adelante la Provincia y se\u00f1al\u00f3 que \u201cpara que esta reactivaci\u00f3n fuera posible, en enero de 2024, desde la Direcci\u00f3n Provincial de Vivienda y Urbanismo volvimos a convocar a la empresa adjudicataria con el objetivo de salir del estado de neutralizaci\u00f3n en que se encontraba el proyecto. Se decidi\u00f3 retomar los trabajos por etapas. La segunda etapa contempla la terminaci\u00f3n de 57 viviendas, y la tercera, el resto de las unidades\u201d.<\/div>\n<div><\/div>\n<div>Desde la Direcci\u00f3n Provincial de Vivienda y Urbanismo (DPVyU) informaron que, en el marco del sorteo, se respetaron los cupos establecidos para soldados excombatientes de Malvinas, Bomberos Voluntarios, personas trasplantadas, integrantes de las fuerzas de seguridad con m\u00e1s de 15 a\u00f1os de servicio y personal con m\u00e1s de 5 a\u00f1os de servicio, personas con discapacidad, y quienes forman parte de la demanda general.<\/div>\n<div><\/div>\n<div>A trav\u00e9s del siguiente enlace, los interesados pueden conocer los resultados del sorteo: <a href=\"http:\/\/www.santafe.gov.ar\/index.php\/web\/content\/download\/282747\/1463179\/file\/resultadosReconquista.pdf.\"><strong>www.santafe.gov.ar\/index.php\/web\/content\/download\/282747\/1463179\/file\/resultadosReconquista.pdf.<\/strong><\/a><\/div>\n<div><\/div>\n<div><\/div>\n<div><strong>Cumplir el sue\u00f1o de la casa propia, una realidad para 34 familias de Reconquista<\/strong><\/div>\n<div>El nuevo complejo de viviendas que construye el Gobierno Provincial est\u00e1 ubicado en el predio comprendido por las calles Pasaje P\u00fablico 72\/74, Calle P\u00fablica N\u00ba 74, Calle N\u00ba 57 y Calle N\u00ba 63 de la ciudad de Reconquista.<\/div>\n<div><\/div>\n<div>Del total de esas viviendas, 180 corresponden al prototipo de vivienda lineal, de 63 metros cuadrados; 22 son viviendas compactas de 64 metros cuadrados; y las 10 restantes est\u00e1n adaptadas para personas con discapacidad y cuentan con una superficie de 77 metros cuadrados.<\/div>\n<div><\/div>\n<div>Por su parte, las 34 viviendas sorteadas en esta primera etapa corresponden al prototipo de vivienda lineal y tienen dos dormitorios, ba\u00f1o, cocina-comedor, lavadero, aberturas de aluminio, puertas interiores tipo placa, mesada de acero inoxidable y pileta de lavar pl\u00e1stica.<\/div>\n<div><\/div>\n<div>Cada vivienda contar\u00e1 con instalaciones y conexiones para los servicios de agua potable, pozo absorbente, gas envasado y energ\u00eda el\u00e9ctrica. Adem\u00e1s, el proyecto incluye obras de infraestructura: veredas peatonales, rampas, red vial, arborizaci\u00f3n, preparaci\u00f3n del terreno para c\u00e9sped, alumbrado p\u00fablico, red el\u00e9ctrica de baja y media tensi\u00f3n y desag\u00fces pluviales.<\/div>\n<div><\/div>\n<div>Con una inversi\u00f3n superior a los $24 mil millones, esta intervenci\u00f3n se enmarca dentro de las m\u00e1s de 2.000 obras que el Gobierno de la Provincia ejecuta con fondos propios en todo el territorio santafesino.<\/div>\n<div><\/div>\n<div>Este sorteo fue un paso fundamental para que los vecinos de Reconquista est\u00e9n m\u00e1s cerca de acceder a su vivienda propia. Con una firme decisi\u00f3n pol\u00edtica y el compromiso de utilizar recursos provinciales, el gobierno provincial reafirma su objetivo de garantizar el arraigo, mejorar la calidad de vida y promover el desarrollo en cada rinc\u00f3n del territorio santafesino.<\/div>\n<div><\/div>\n","protected":false},"excerpt":{"rendered":"<p>Corresponden al plan de 212 unidades habitacionales que se encontraban paralizadas al inicio de la gesti\u00f3n y que el gobernador Pullaro reactiv\u00f3 para su terminaci\u00f3n, con una inversi\u00f3n superior a los $24&#46;&#46;&#46;<\/p>\n","protected":false},"author":1,"featured_media":24859,"comment_status":"closed","ping_status":"closed","sticky":false,"template":"","format":"standard","meta":[],"categories":[6,16,10,8],"tags":[],"_links":{"self":[{"href":"https:\/\/www.revistarescatados.com.ar\/web\/wp-json\/wp\/v2\/posts\/24858"}],"collection":[{"href":"https:\/\/www.revistarescatados.com.ar\/web\/wp-json\/wp\/v2\/posts"}],"about":[{"href":"https:\/\/www.revistarescatados.com.ar\/web\/wp-json\/wp\/v2\/types\/post"}],"author":[{"embeddable":true,"href":"https:\/\/www.revistarescatados.com.ar\/web\/wp-json\/wp\/v2\/users\/1"}],"replies":[{"embeddable":true,"href":"https:\/\/www.revistarescatados.com.ar\/web\/wp-json\/wp\/v2\/comments?post=24858"}],"version-history":[{"count":1,"href":"https:\/\/www.revistarescatados.com.ar\/web\/wp-json\/wp\/v2\/posts\/24858\/revisions"}],"predecessor-version":[{"id":24860,"href":"https:\/\/www.revistarescatados.com.ar\/web\/wp-json\/wp\/v2\/posts\/24858\/revisions\/24860"}],"wp:featuredmedia":[{"embeddable":true,"href":"https:\/\/www.revistarescatados.com.ar\/web\/wp-json\/wp\/v2\/media\/24859"}],"wp:attachment":[{"href":"https:\/\/www.revistarescatados.com.ar\/web\/wp-json\/wp\/v2\/media?parent=24858"}],"wp:term":[{"taxonomy":"category","embeddable":true,"href":"https:\/\/www.revistarescatados.com.ar\/web\/wp-json\/wp\/v2\/categories?post=24858"},{"taxonomy":"post_tag","embeddable":true,"href":"https:\/\/www.revistarescatados.com.ar\/web\/wp-json\/wp\/v2\/tags?post=24858"}],"curies":[{"name":"wp","href":"https:\/\/api.w.org\/{rel}","templated":true}]}}