{"id":24867,"date":"2025-09-29T19:56:17","date_gmt":"2025-09-29T22:56:17","guid":{"rendered":"https:\/\/www.revistarescatados.com.ar\/web\/?p=24867"},"modified":"2025-09-29T19:56:17","modified_gmt":"2025-09-29T22:56:17","slug":"se-presento-el-tercer-congreso-nacional-de-deporte-salud-y-educacion-en-san-justo","status":"publish","type":"post","link":"https:\/\/www.revistarescatados.com.ar\/web\/2025\/09\/29\/se-presento-el-tercer-congreso-nacional-de-deporte-salud-y-educacion-en-san-justo\/","title":{"rendered":"Se present\u00f3 el tercer congreso nacional de deporte, salud y educaci\u00f3n en San Justo"},"content":{"rendered":"<p>&nbsp;<\/p>\n<p><strong>El senador provincial Rodrigo Borla dio a conocer los detalles m\u00e1s importantes que tendr\u00e1 el evento el cual se desarrollar\u00e1 el pr\u00f3ximo 24 de octubre en las instalaciones del Instituto del Profesorado N\u00b0 20 de la ciudad de San Justo.<\/strong><\/p>\n<p><img loading=\"lazy\" class=\"aligncenter size-large wp-image-24868\" src=\"http:\/\/www.revistarescatados.com.ar\/web\/wp-content\/uploads\/2025\/09\/CONGRESO-1024x461.jpg\" alt=\"\" width=\"1024\" height=\"461\" srcset=\"https:\/\/www.revistarescatados.com.ar\/web\/wp-content\/uploads\/2025\/09\/CONGRESO-1024x461.jpg 1024w, https:\/\/www.revistarescatados.com.ar\/web\/wp-content\/uploads\/2025\/09\/CONGRESO-300x135.jpg 300w, https:\/\/www.revistarescatados.com.ar\/web\/wp-content\/uploads\/2025\/09\/CONGRESO-768x346.jpg 768w, https:\/\/www.revistarescatados.com.ar\/web\/wp-content\/uploads\/2025\/09\/CONGRESO-1536x691.jpg 1536w, https:\/\/www.revistarescatados.com.ar\/web\/wp-content\/uploads\/2025\/09\/CONGRESO.jpg 1600w\" sizes=\"(max-width: 1024px) 100vw, 1024px\" \/><\/p>\n<p>Bajo el lema \u201cdesaf\u00edos actuales en la prevenci\u00f3n de los consumos problem\u00e1ticos: entre lo subjetivo y lo social\u201d, esta tercera edici\u00f3n, organizada por el propio Senador por el Departamento San Justo, su equipo de profesionales interdisciplinarios y la Fundaci\u00f3n Prevencor, seguir\u00e1 siendo de alcance totalmente gratuito para quienes deseen participar.<\/p>\n<p>\u201cLa idea es siempre estar generando alg\u00fan tipo de tem\u00e1tica que tenga que ver con la realidad, educativa, deportiva, de salud, social. En esta oportunidad trataremos la parte preventiva en lo que hace a los consumos problem\u00e1ticos en general, un tema que desgraciadamente hoy nos atraviesa y que muchas veces actuamos sobre las consecuencias, si no actuamos sobre las causas\u201d, se\u00f1al\u00f3 Borla en la presentaci\u00f3n<\/p>\n<p>El legislador radical remarc\u00f3, adem\u00e1s, que\u2026\u201cel objetivo tambi\u00e9n es abordar y prevenir, esas dos palabras que son importantes, tienen que ver con justamente evitar llegar a una instancia superior, y en el caso que se llegue a una instancia superior, tener tambi\u00e9n las herramientas necesarias para poder actuar y brind\u00e1rselas a esa persona que lo necesita o a su familia\u201d.<\/p>\n<p>Cabe destacar que este evento, de car\u00e1cter netamente gratuito para los participantes, abord\u00f3 en sus dos primeras ediciones ejes vinculados a la educaci\u00f3n emocional, las neurociencias aplicadas a la motricidad, los programas institucionales y la calidad educativa.<\/p>\n<p>En esta oportunidad el prop\u00f3sito ser\u00e1 generar un espacio de reflexi\u00f3n, intercambio y construcci\u00f3n de estrategias que trascienden visiones reduccionistas, situando a los consumos problem\u00e1ticos como un fen\u00f3meno complejo, multidimensional y atravesado por lo subjetivo y lo social.<\/p>\n<p>Los destinatarios que podr\u00e1n participar del mismo son Profesionales, docentes, dirigentes institucionales y gubernamentales, estudiantes de deporte, salud y educaci\u00f3n, y p\u00fablico en general.<\/p>\n<p>&nbsp;<\/p>\n","protected":false},"excerpt":{"rendered":"<p>&nbsp; El senador provincial Rodrigo Borla dio a conocer los detalles m\u00e1s importantes que tendr\u00e1 el evento el cual se desarrollar\u00e1 el pr\u00f3ximo 24 de octubre en las instalaciones del Instituto del&#46;&#46;&#46;<\/p>\n","protected":false},"author":1,"featured_media":24868,"comment_status":"closed","ping_status":"closed","sticky":false,"template":"","format":"standard","meta":[],"categories":[4,17,16,15,9],"tags":[],"_links":{"self":[{"href":"https:\/\/www.revistarescatados.com.ar\/web\/wp-json\/wp\/v2\/posts\/24867"}],"collection":[{"href":"https:\/\/www.revistarescatados.com.ar\/web\/wp-json\/wp\/v2\/posts"}],"about":[{"href":"https:\/\/www.revistarescatados.com.ar\/web\/wp-json\/wp\/v2\/types\/post"}],"author":[{"embeddable":true,"href":"https:\/\/www.revistarescatados.com.ar\/web\/wp-json\/wp\/v2\/users\/1"}],"replies":[{"embeddable":true,"href":"https:\/\/www.revistarescatados.com.ar\/web\/wp-json\/wp\/v2\/comments?post=24867"}],"version-history":[{"count":1,"href":"https:\/\/www.revistarescatados.com.ar\/web\/wp-json\/wp\/v2\/posts\/24867\/revisions"}],"predecessor-version":[{"id":24869,"href":"https:\/\/www.revistarescatados.com.ar\/web\/wp-json\/wp\/v2\/posts\/24867\/revisions\/24869"}],"wp:featuredmedia":[{"embeddable":true,"href":"https:\/\/www.revistarescatados.com.ar\/web\/wp-json\/wp\/v2\/media\/24868"}],"wp:attachment":[{"href":"https:\/\/www.revistarescatados.com.ar\/web\/wp-json\/wp\/v2\/media?parent=24867"}],"wp:term":[{"taxonomy":"category","embeddable":true,"href":"https:\/\/www.revistarescatados.com.ar\/web\/wp-json\/wp\/v2\/categories?post=24867"},{"taxonomy":"post_tag","embeddable":true,"href":"https:\/\/www.revistarescatados.com.ar\/web\/wp-json\/wp\/v2\/tags?post=24867"}],"curies":[{"name":"wp","href":"https:\/\/api.w.org\/{rel}","templated":true}]}}