{"id":2487,"date":"2018-10-25T12:38:57","date_gmt":"2018-10-25T15:38:57","guid":{"rendered":"http:\/\/www.revistarescatados.com.ar\/web\/?p=2487"},"modified":"2018-10-25T12:38:57","modified_gmt":"2018-10-25T15:38:57","slug":"tito-vasquez-logro-el-tercer-lugar-en-lanzamiento-de-bala","status":"publish","type":"post","link":"https:\/\/www.revistarescatados.com.ar\/web\/2018\/10\/25\/tito-vasquez-logro-el-tercer-lugar-en-lanzamiento-de-bala\/","title":{"rendered":"\u201cTito\u201d V\u00e1squez logr\u00f3 el tercer lugar en lanzamiento de bala"},"content":{"rendered":"<p><img loading=\"lazy\" class=\"aligncenter size-full wp-image-2489\" src=\"http:\/\/www.revistarescatados.com.ar\/web\/wp-content\/uploads\/2018\/10\/Tito-2.jpg\" alt=\"\" width=\"960\" height=\"720\" srcset=\"https:\/\/www.revistarescatados.com.ar\/web\/wp-content\/uploads\/2018\/10\/Tito-2.jpg 960w, https:\/\/www.revistarescatados.com.ar\/web\/wp-content\/uploads\/2018\/10\/Tito-2-300x225.jpg 300w, https:\/\/www.revistarescatados.com.ar\/web\/wp-content\/uploads\/2018\/10\/Tito-2-768x576.jpg 768w\" sizes=\"(max-width: 960px) 100vw, 960px\" \/><\/p>\n<p><span style=\"color: #0000ff;\"><strong>El representante de Calchaqu\u00ed, David V\u00e1zquez, finaliz\u00f3 tercero a nivel nacional en lanzamiento de bala en los Juegos Evita en atletismo adaptado. En el podio orgulloso extendi\u00f3 la bandera de los pueblos originarios.<\/strong><\/span><\/p>\n<p>Nuevamente, el atleta adaptado de Calchaqu\u00ed cosech\u00f3 una nueva presea, al cumplirse ayer la segunda jornada de competencias de los Juegos Nacionales Evita 2018, que se desarrollan en Mar del Plata. Es uno de los 90 deportistas y entrenadores de la regi\u00f3n Reconquista que participa del certamen nacional, siendo acompa\u00f1ado por su mentor, el profesor de educaci\u00f3n f\u00edsica Diego Castellanos.<\/p>\n<p><img loading=\"lazy\" class=\"aligncenter size-full wp-image-2488\" src=\"http:\/\/www.revistarescatados.com.ar\/web\/wp-content\/uploads\/2018\/10\/Tito-1.jpg\" alt=\"\" width=\"720\" height=\"960\" srcset=\"https:\/\/www.revistarescatados.com.ar\/web\/wp-content\/uploads\/2018\/10\/Tito-1.jpg 720w, https:\/\/www.revistarescatados.com.ar\/web\/wp-content\/uploads\/2018\/10\/Tito-1-225x300.jpg 225w\" sizes=\"(max-width: 720px) 100vw, 720px\" \/><\/p>\n","protected":false},"excerpt":{"rendered":"<p>El representante de Calchaqu\u00ed, David V\u00e1zquez, finaliz\u00f3 tercero a nivel nacional en lanzamiento de bala en los Juegos Evita en atletismo adaptado. En el podio orgulloso extendi\u00f3 la bandera de los pueblos&#46;&#46;&#46;<\/p>\n","protected":false},"author":1,"featured_media":2489,"comment_status":"closed","ping_status":"open","sticky":false,"template":"","format":"standard","meta":[],"categories":[2,3,17,16],"tags":[],"_links":{"self":[{"href":"https:\/\/www.revistarescatados.com.ar\/web\/wp-json\/wp\/v2\/posts\/2487"}],"collection":[{"href":"https:\/\/www.revistarescatados.com.ar\/web\/wp-json\/wp\/v2\/posts"}],"about":[{"href":"https:\/\/www.revistarescatados.com.ar\/web\/wp-json\/wp\/v2\/types\/post"}],"author":[{"embeddable":true,"href":"https:\/\/www.revistarescatados.com.ar\/web\/wp-json\/wp\/v2\/users\/1"}],"replies":[{"embeddable":true,"href":"https:\/\/www.revistarescatados.com.ar\/web\/wp-json\/wp\/v2\/comments?post=2487"}],"version-history":[{"count":1,"href":"https:\/\/www.revistarescatados.com.ar\/web\/wp-json\/wp\/v2\/posts\/2487\/revisions"}],"predecessor-version":[{"id":2490,"href":"https:\/\/www.revistarescatados.com.ar\/web\/wp-json\/wp\/v2\/posts\/2487\/revisions\/2490"}],"wp:featuredmedia":[{"embeddable":true,"href":"https:\/\/www.revistarescatados.com.ar\/web\/wp-json\/wp\/v2\/media\/2489"}],"wp:attachment":[{"href":"https:\/\/www.revistarescatados.com.ar\/web\/wp-json\/wp\/v2\/media?parent=2487"}],"wp:term":[{"taxonomy":"category","embeddable":true,"href":"https:\/\/www.revistarescatados.com.ar\/web\/wp-json\/wp\/v2\/categories?post=2487"},{"taxonomy":"post_tag","embeddable":true,"href":"https:\/\/www.revistarescatados.com.ar\/web\/wp-json\/wp\/v2\/tags?post=2487"}],"curies":[{"name":"wp","href":"https:\/\/api.w.org\/{rel}","templated":true}]}}