{"id":24908,"date":"2025-10-07T02:59:45","date_gmt":"2025-10-07T05:59:45","guid":{"rendered":"https:\/\/www.revistarescatados.com.ar\/web\/?p=24908"},"modified":"2025-10-07T02:59:45","modified_gmt":"2025-10-07T05:59:45","slug":"tercer-encuentro-provincial-de-avistaje-de-aves-en-laguna-el-cristal","status":"publish","type":"post","link":"https:\/\/www.revistarescatados.com.ar\/web\/2025\/10\/07\/tercer-encuentro-provincial-de-avistaje-de-aves-en-laguna-el-cristal\/","title":{"rendered":"Tercer encuentro provincial de avistaje de aves en Laguna El Cristal"},"content":{"rendered":"<p><strong>Con el auspicio del Ministerio de Ambiente y Cambio Clim\u00e1tico de Santa Fe, este fin de semana decenas de apasionados de la naturaleza participaron de las jornadas de preservaci\u00f3n y concientizaci\u00f3n ambiental en el complejo tur\u00edstico y reserva natural donde habitan\u00a0 m\u00e1s de 200 especies de aves.<\/strong><\/p>\n<p><img loading=\"lazy\" class=\"aligncenter size-large wp-image-24909\" src=\"http:\/\/www.revistarescatados.com.ar\/web\/wp-content\/uploads\/2025\/10\/avistaje-de-avifauna-laguna-El-Cristal-1024x1024.jpg\" alt=\"\" width=\"1024\" height=\"1024\" srcset=\"https:\/\/www.revistarescatados.com.ar\/web\/wp-content\/uploads\/2025\/10\/avistaje-de-avifauna-laguna-El-Cristal-1024x1024.jpg 1024w, https:\/\/www.revistarescatados.com.ar\/web\/wp-content\/uploads\/2025\/10\/avistaje-de-avifauna-laguna-El-Cristal-300x300.jpg 300w, https:\/\/www.revistarescatados.com.ar\/web\/wp-content\/uploads\/2025\/10\/avistaje-de-avifauna-laguna-El-Cristal-150x150.jpg 150w, https:\/\/www.revistarescatados.com.ar\/web\/wp-content\/uploads\/2025\/10\/avistaje-de-avifauna-laguna-El-Cristal-768x768.jpg 768w, https:\/\/www.revistarescatados.com.ar\/web\/wp-content\/uploads\/2025\/10\/avistaje-de-avifauna-laguna-El-Cristal-80x80.jpg 80w, https:\/\/www.revistarescatados.com.ar\/web\/wp-content\/uploads\/2025\/10\/avistaje-de-avifauna-laguna-El-Cristal-320x320.jpg 320w, https:\/\/www.revistarescatados.com.ar\/web\/wp-content\/uploads\/2025\/10\/avistaje-de-avifauna-laguna-El-Cristal.jpg 1440w\" sizes=\"(max-width: 1024px) 100vw, 1024px\" \/><\/p>\n<p>El fin de semana pasado, se realiz\u00f3 el Tercer Encuentro de Avisadores de Aves de la provincia de Santa Fe en la laguna El Cristal de\u00a0 Calchaqu\u00ed. Fueron d\u00edas de compartir salidas de avistaje (diurnas y nocturnas), conocimientos, experiencias, an\u00e9cdotas y lindos momentos entre apasionados de la naturaleza.<\/p>\n<p>El encuentro se extendi\u00f3\u00a0 del 3 al 5 de octubre, en la Laguna El Cristal, uno de los escenarios naturales m\u00e1s importantes de la regi\u00f3n.<\/p>\n<p>La actividad, organizada junto con los clubes de avistaje de aves de la provincia. Hubo espacios de observaci\u00f3n, intercambio de t\u00e9cnicas, experiencias y an\u00e9cdotas, con el fin de disfrutar y valorar la biodiversidad santafesina.<\/p>\n<p>En el marco del evento,\u00a0 se brind\u00f3 una charla a cargo de un especialista del Ministerio, centrada en c\u00f3mo los observadores pueden colaborar activamente en la preservaci\u00f3n de las aves frente a amenazas como incendios, contaminaci\u00f3n o caza furtiva.<\/p>\n<p>Santa Fe cuenta con m\u00e1s de 400 especies de aves registradas, y solo en la zona de Laguna El Cristal se identifican m\u00e1s de 200, lo que convierte a este encuentro en una oportunidad \u00fanica para conocer la riqueza natural de la regi\u00f3n.<\/p>\n<p>El Tercer Encuentro de Avistaje de Aves fue auspiciado por el Ministerio de Ambiente y Cambio Clim\u00e1tico de Santa Fe y reuni\u00f3 a observadores, especialistas y amantes de la naturaleza en un espacio de aprendizaje y disfrute.<\/p>\n<p>&nbsp;<\/p>\n<p>&nbsp;<\/p>\n","protected":false},"excerpt":{"rendered":"<p>Con el auspicio del Ministerio de Ambiente y Cambio Clim\u00e1tico de Santa Fe, este fin de semana decenas de apasionados de la naturaleza participaron de las jornadas de preservaci\u00f3n y concientizaci\u00f3n ambiental&#46;&#46;&#46;<\/p>\n","protected":false},"author":1,"featured_media":24909,"comment_status":"closed","ping_status":"closed","sticky":false,"template":"","format":"standard","meta":[],"categories":[2,3,16,8],"tags":[],"_links":{"self":[{"href":"https:\/\/www.revistarescatados.com.ar\/web\/wp-json\/wp\/v2\/posts\/24908"}],"collection":[{"href":"https:\/\/www.revistarescatados.com.ar\/web\/wp-json\/wp\/v2\/posts"}],"about":[{"href":"https:\/\/www.revistarescatados.com.ar\/web\/wp-json\/wp\/v2\/types\/post"}],"author":[{"embeddable":true,"href":"https:\/\/www.revistarescatados.com.ar\/web\/wp-json\/wp\/v2\/users\/1"}],"replies":[{"embeddable":true,"href":"https:\/\/www.revistarescatados.com.ar\/web\/wp-json\/wp\/v2\/comments?post=24908"}],"version-history":[{"count":1,"href":"https:\/\/www.revistarescatados.com.ar\/web\/wp-json\/wp\/v2\/posts\/24908\/revisions"}],"predecessor-version":[{"id":24910,"href":"https:\/\/www.revistarescatados.com.ar\/web\/wp-json\/wp\/v2\/posts\/24908\/revisions\/24910"}],"wp:featuredmedia":[{"embeddable":true,"href":"https:\/\/www.revistarescatados.com.ar\/web\/wp-json\/wp\/v2\/media\/24909"}],"wp:attachment":[{"href":"https:\/\/www.revistarescatados.com.ar\/web\/wp-json\/wp\/v2\/media?parent=24908"}],"wp:term":[{"taxonomy":"category","embeddable":true,"href":"https:\/\/www.revistarescatados.com.ar\/web\/wp-json\/wp\/v2\/categories?post=24908"},{"taxonomy":"post_tag","embeddable":true,"href":"https:\/\/www.revistarescatados.com.ar\/web\/wp-json\/wp\/v2\/tags?post=24908"}],"curies":[{"name":"wp","href":"https:\/\/api.w.org\/{rel}","templated":true}]}}