{"id":2491,"date":"2018-10-25T12:46:02","date_gmt":"2018-10-25T15:46:02","guid":{"rendered":"http:\/\/www.revistarescatados.com.ar\/web\/?p=2491"},"modified":"2018-10-25T12:46:02","modified_gmt":"2018-10-25T15:46:02","slug":"parquizaron-el-oratorio-de-barrio-carlos-gardel","status":"publish","type":"post","link":"https:\/\/www.revistarescatados.com.ar\/web\/2018\/10\/25\/parquizaron-el-oratorio-de-barrio-carlos-gardel\/","title":{"rendered":"Parquizaron el oratorio de barrio Carlos Gardel"},"content":{"rendered":"<p><img loading=\"lazy\" class=\"aligncenter size-full wp-image-2492\" src=\"http:\/\/www.revistarescatados.com.ar\/web\/wp-content\/uploads\/2018\/10\/oratorio.jpg\" alt=\"\" width=\"960\" height=\"720\" srcset=\"https:\/\/www.revistarescatados.com.ar\/web\/wp-content\/uploads\/2018\/10\/oratorio.jpg 960w, https:\/\/www.revistarescatados.com.ar\/web\/wp-content\/uploads\/2018\/10\/oratorio-300x225.jpg 300w, https:\/\/www.revistarescatados.com.ar\/web\/wp-content\/uploads\/2018\/10\/oratorio-768x576.jpg 768w\" sizes=\"(max-width: 960px) 100vw, 960px\" \/><\/p>\n<p><span style=\"color: #0000ff;\"><strong>El oratorio Jes\u00fas Misericordioso fue parquizado, desmalezado y se le trasplantaron un olivo, cuatro limpia-tubos, cuatro laureles blancos y veinte durantas en el frente a modo de cerco bajo.<\/strong><\/span><\/p>\n<p>Tambi\u00e9n, se arregl\u00f3 el cantero debajo del cartel y se le colocaron troncos a modo de contenci\u00f3n. Finalmente, se hizo el acceso al paseo Carlos Gardel, cortando y rearmando el cord\u00f3n de cemento.<\/p>\n","protected":false},"excerpt":{"rendered":"<p>El oratorio Jes\u00fas Misericordioso fue parquizado, desmalezado y se le trasplantaron un olivo, cuatro limpia-tubos, cuatro laureles blancos y veinte durantas en el frente a modo de cerco bajo. Tambi\u00e9n, se arregl\u00f3&#46;&#46;&#46;<\/p>\n","protected":false},"author":1,"featured_media":2492,"comment_status":"closed","ping_status":"open","sticky":false,"template":"","format":"standard","meta":[],"categories":[2,3,8],"tags":[],"_links":{"self":[{"href":"https:\/\/www.revistarescatados.com.ar\/web\/wp-json\/wp\/v2\/posts\/2491"}],"collection":[{"href":"https:\/\/www.revistarescatados.com.ar\/web\/wp-json\/wp\/v2\/posts"}],"about":[{"href":"https:\/\/www.revistarescatados.com.ar\/web\/wp-json\/wp\/v2\/types\/post"}],"author":[{"embeddable":true,"href":"https:\/\/www.revistarescatados.com.ar\/web\/wp-json\/wp\/v2\/users\/1"}],"replies":[{"embeddable":true,"href":"https:\/\/www.revistarescatados.com.ar\/web\/wp-json\/wp\/v2\/comments?post=2491"}],"version-history":[{"count":1,"href":"https:\/\/www.revistarescatados.com.ar\/web\/wp-json\/wp\/v2\/posts\/2491\/revisions"}],"predecessor-version":[{"id":2493,"href":"https:\/\/www.revistarescatados.com.ar\/web\/wp-json\/wp\/v2\/posts\/2491\/revisions\/2493"}],"wp:featuredmedia":[{"embeddable":true,"href":"https:\/\/www.revistarescatados.com.ar\/web\/wp-json\/wp\/v2\/media\/2492"}],"wp:attachment":[{"href":"https:\/\/www.revistarescatados.com.ar\/web\/wp-json\/wp\/v2\/media?parent=2491"}],"wp:term":[{"taxonomy":"category","embeddable":true,"href":"https:\/\/www.revistarescatados.com.ar\/web\/wp-json\/wp\/v2\/categories?post=2491"},{"taxonomy":"post_tag","embeddable":true,"href":"https:\/\/www.revistarescatados.com.ar\/web\/wp-json\/wp\/v2\/tags?post=2491"}],"curies":[{"name":"wp","href":"https:\/\/api.w.org\/{rel}","templated":true}]}}