{"id":24922,"date":"2025-10-08T01:00:33","date_gmt":"2025-10-08T04:00:33","guid":{"rendered":"https:\/\/www.revistarescatados.com.ar\/web\/?p=24922"},"modified":"2025-10-08T01:00:33","modified_gmt":"2025-10-08T04:00:33","slug":"saldamos-una-deuda-historica-con-la-poblacion-del-paraje-115-dijo-el-senador-osvaldo-sosa-al-inaugurarse-el-servicio-de-agua-potable","status":"publish","type":"post","link":"https:\/\/www.revistarescatados.com.ar\/web\/2025\/10\/08\/saldamos-una-deuda-historica-con-la-poblacion-del-paraje-115-dijo-el-senador-osvaldo-sosa-al-inaugurarse-el-servicio-de-agua-potable\/","title":{"rendered":"&#8220;Saldamos una deuda hist\u00f3rica con la poblaci\u00f3n del paraje 115\u201d, dijo el senador Osvaldo Sosa al inaugurarse el servicio de agua potable"},"content":{"rendered":"<p><strong>El gobernador Pullaro inaugur\u00f3 la obra de optimizaci\u00f3n del servicio de agua potable en el Paraje Km. 115, Distrito Garabato, con una inversi\u00f3n de $60.389.433.<\/strong><\/p>\n<p><img loading=\"lazy\" class=\"aligncenter size-large wp-image-24923\" src=\"http:\/\/www.revistarescatados.com.ar\/web\/wp-content\/uploads\/2025\/10\/Agua-potable-paraje-115-1024x768.jpg\" alt=\"\" width=\"1024\" height=\"768\" srcset=\"https:\/\/www.revistarescatados.com.ar\/web\/wp-content\/uploads\/2025\/10\/Agua-potable-paraje-115-1024x768.jpg 1024w, https:\/\/www.revistarescatados.com.ar\/web\/wp-content\/uploads\/2025\/10\/Agua-potable-paraje-115-300x225.jpg 300w, https:\/\/www.revistarescatados.com.ar\/web\/wp-content\/uploads\/2025\/10\/Agua-potable-paraje-115-768x576.jpg 768w, https:\/\/www.revistarescatados.com.ar\/web\/wp-content\/uploads\/2025\/10\/Agua-potable-paraje-115-1536x1152.jpg 1536w, https:\/\/www.revistarescatados.com.ar\/web\/wp-content\/uploads\/2025\/10\/Agua-potable-paraje-115.jpg 1600w\" sizes=\"(max-width: 1024px) 100vw, 1024px\" \/><br \/>\nEl acto se llev\u00f3 a cabo en la Escuela N\u00ba 1048 \u201cDr. Luis Bentos\u201d, donde est\u00e1 instalado el tanque desde el cual se distribuye a al vecindario.<\/p>\n<p>La ceremonia cont\u00f3 con la participaci\u00f3n del presidente comunal Luis Mu\u00f1oz y el senador Osvaldo Sosa, entre otras autoridades.<\/p>\n<p>El senador Sosa se mostr\u00f3 muy feliz por este emotivo acto en que \u201cse hace realidad el sue\u00f1o de muchos habitantes que motivaron la presentaci\u00f3n de este proyecto que durante varios a\u00f1os no tuvo respuesta\u201d.<\/p>\n<p>\u201cSon muchas las familias que ahora podr\u00e1n acceder a ese servicio indispensable, y de esa manera saldar una deuda hist\u00f3rica con esta poblaci\u00f3n\u201d, agreg\u00f3.<\/p>\n<p>Esto tambi\u00e9n termina con la angustia que genera el drama de tener que trasladar el agua en cisternas en \u00e9pocas de sequ\u00eda con todos los inconvenientes log\u00edsticos y econ\u00f3micos que hab\u00eda que afrontar para atender la demanda de la gente tantas veces castigada por la naturaleza y por la apat\u00eda de muchos.<\/p>\n<p>Cabe destacar la solidaridad del Vecino Perezlindo, que permiti\u00f3 realizar la perforaci\u00f3n en su propiedad sumado a las gestiones y el trabajo en conjunto de todos los niveles del estado, Comuna, Senado y Gobierno Provincial; los habitantes ahora acceden a este servicio indispensable que no deja de ser un derecho que permite mejorar la calidad de vida de los vecinos de este paraje ubicado en el coraz\u00f3n de la Cu\u00f1a Boscosa.<\/p>\n","protected":false},"excerpt":{"rendered":"<p>El gobernador Pullaro inaugur\u00f3 la obra de optimizaci\u00f3n del servicio de agua potable en el Paraje Km. 115, Distrito Garabato, con una inversi\u00f3n de $60.389.433. El acto se llev\u00f3 a cabo en&#46;&#46;&#46;<\/p>\n","protected":false},"author":1,"featured_media":24923,"comment_status":"closed","ping_status":"closed","sticky":false,"template":"","format":"standard","meta":[],"categories":[3,16,10,14,8],"tags":[],"_links":{"self":[{"href":"https:\/\/www.revistarescatados.com.ar\/web\/wp-json\/wp\/v2\/posts\/24922"}],"collection":[{"href":"https:\/\/www.revistarescatados.com.ar\/web\/wp-json\/wp\/v2\/posts"}],"about":[{"href":"https:\/\/www.revistarescatados.com.ar\/web\/wp-json\/wp\/v2\/types\/post"}],"author":[{"embeddable":true,"href":"https:\/\/www.revistarescatados.com.ar\/web\/wp-json\/wp\/v2\/users\/1"}],"replies":[{"embeddable":true,"href":"https:\/\/www.revistarescatados.com.ar\/web\/wp-json\/wp\/v2\/comments?post=24922"}],"version-history":[{"count":1,"href":"https:\/\/www.revistarescatados.com.ar\/web\/wp-json\/wp\/v2\/posts\/24922\/revisions"}],"predecessor-version":[{"id":24924,"href":"https:\/\/www.revistarescatados.com.ar\/web\/wp-json\/wp\/v2\/posts\/24922\/revisions\/24924"}],"wp:featuredmedia":[{"embeddable":true,"href":"https:\/\/www.revistarescatados.com.ar\/web\/wp-json\/wp\/v2\/media\/24923"}],"wp:attachment":[{"href":"https:\/\/www.revistarescatados.com.ar\/web\/wp-json\/wp\/v2\/media?parent=24922"}],"wp:term":[{"taxonomy":"category","embeddable":true,"href":"https:\/\/www.revistarescatados.com.ar\/web\/wp-json\/wp\/v2\/categories?post=24922"},{"taxonomy":"post_tag","embeddable":true,"href":"https:\/\/www.revistarescatados.com.ar\/web\/wp-json\/wp\/v2\/tags?post=24922"}],"curies":[{"name":"wp","href":"https:\/\/api.w.org\/{rel}","templated":true}]}}