{"id":24928,"date":"2025-10-09T22:54:33","date_gmt":"2025-10-10T01:54:33","guid":{"rendered":"https:\/\/www.revistarescatados.com.ar\/web\/?p=24928"},"modified":"2025-10-09T22:54:33","modified_gmt":"2025-10-10T01:54:33","slug":"club-carlos-gardel-homenajeo-a-los-equipos-campeones-de-la-lvf-de-los-anos-2002-y-2018","status":"publish","type":"post","link":"https:\/\/www.revistarescatados.com.ar\/web\/2025\/10\/09\/club-carlos-gardel-homenajeo-a-los-equipos-campeones-de-la-lvf-de-los-anos-2002-y-2018\/","title":{"rendered":"Club Carlos Gardel homenaje\u00f3 a los equipos campeones de la LVF de los a\u00f1os 2002 y 2018"},"content":{"rendered":"<p><strong>El s\u00e1bado 04 de octubre, la comisi\u00f3n directiva tanguera se realiz\u00f3 un homenaje a los jugadores e integrantes de cuerpo t\u00e9cnico que pusieron en alto al Club Carlos Gardel, con dos estrellas en el tapial del campo de deportes &#8220;Orlando Mario Bargetto&#8221;.<\/strong><\/p>\n<p>Las palabras de bienvenida y el reconocimiento estuvo a cargo del presidente de la asociaci\u00f3n vecinal y club Carlos Gardel Prof. Marcelo Roa, ante un buen marco de p\u00fablico que se dio cita el s\u00e1bado a las 20 horas sobre la calle 9 de julio.<\/p>\n<p><img loading=\"lazy\" class=\"aligncenter size-large wp-image-24930\" src=\"http:\/\/www.revistarescatados.com.ar\/web\/wp-content\/uploads\/2025\/10\/Campeones-Gardel-2002-1024x669.jpg\" alt=\"\" width=\"1024\" height=\"669\" srcset=\"https:\/\/www.revistarescatados.com.ar\/web\/wp-content\/uploads\/2025\/10\/Campeones-Gardel-2002-1024x669.jpg 1024w, https:\/\/www.revistarescatados.com.ar\/web\/wp-content\/uploads\/2025\/10\/Campeones-Gardel-2002-300x196.jpg 300w, https:\/\/www.revistarescatados.com.ar\/web\/wp-content\/uploads\/2025\/10\/Campeones-Gardel-2002-768x501.jpg 768w, https:\/\/www.revistarescatados.com.ar\/web\/wp-content\/uploads\/2025\/10\/Campeones-Gardel-2002.jpg 1435w\" sizes=\"(max-width: 1024px) 100vw, 1024px\" \/><\/p>\n<p><span class=\"T286Pc\" data-sfc-cp=\"\" data-processed=\"true\"><strong class=\"Yjhzub\" data-processed=\"true\">Campe\u00f3n 2002: <\/strong>La primera estrella liguista la logr\u00f3 el equipo tanguero tras vencer\u00a0 en la final a Uni\u00f3n de Gobernador Crespo. En el partido de ida, el tanguero le gan\u00f3 por 2 a 1 con goles de Alberto L\u00f3pez y Diego Mitchell; mientras que la revancha fue una goleada de 4 a 0 con goles de Eduardo Aquino, Marcelo Baz\u00e1n (x2) y Diego Mitchell.\u00a0 El equipo fue dirigido t\u00e9cnicamente por Alberto Bay.<\/span><\/p>\n<p><img loading=\"lazy\" class=\"aligncenter size-large wp-image-24929\" src=\"http:\/\/www.revistarescatados.com.ar\/web\/wp-content\/uploads\/2025\/10\/Campeones-Gardel-1024x663.jpg\" alt=\"\" width=\"1024\" height=\"663\" srcset=\"https:\/\/www.revistarescatados.com.ar\/web\/wp-content\/uploads\/2025\/10\/Campeones-Gardel-1024x663.jpg 1024w, https:\/\/www.revistarescatados.com.ar\/web\/wp-content\/uploads\/2025\/10\/Campeones-Gardel-300x194.jpg 300w, https:\/\/www.revistarescatados.com.ar\/web\/wp-content\/uploads\/2025\/10\/Campeones-Gardel-768x497.jpg 768w, https:\/\/www.revistarescatados.com.ar\/web\/wp-content\/uploads\/2025\/10\/Campeones-Gardel.jpg 1396w\" sizes=\"(max-width: 1024px) 100vw, 1024px\" \/><\/p>\n<p><span class=\"T286Pc\" data-sfc-cp=\"\" data-processed=\"true\"><strong class=\"Yjhzub\" data-processed=\"true\">Campe\u00f3n 2018:<\/strong> El equipo masculino de Carlos Gardel se coron\u00f3 campe\u00f3n de la Liga Verense de F\u00fatbol en 2018, tras imponerse a FCR Belgrano en la final y por penales. As\u00ed s<\/span>e consagraba campe\u00f3n por segunda vez en su historia. El equipo era dirigido por el profe colombiano\u00a0 Foiner \u00c1lvarez.<\/p>\n<div class=\"video-container\"><iframe loading=\"lazy\" title=\"Carlos Gardel campe\u00f3n del Torneo de la LVF\" width=\"500\" height=\"281\" src=\"https:\/\/www.youtube.com\/embed\/WmJTcYAWnJs?feature=oembed&#038;wmode=opaque\" frameborder=\"0\" allow=\"accelerometer; autoplay; clipboard-write; encrypted-media; gyroscope; picture-in-picture; web-share\" referrerpolicy=\"strict-origin-when-cross-origin\" allowfullscreen><\/iframe><\/div>\n<p>&nbsp;<\/p>\n","protected":false},"excerpt":{"rendered":"<p>El s\u00e1bado 04 de octubre, la comisi\u00f3n directiva tanguera se realiz\u00f3 un homenaje a los jugadores e integrantes de cuerpo t\u00e9cnico que pusieron en alto al Club Carlos Gardel, con dos estrellas&#46;&#46;&#46;<\/p>\n","protected":false},"author":1,"featured_media":24929,"comment_status":"closed","ping_status":"closed","sticky":false,"template":"","format":"standard","meta":[],"categories":[2,3,17,16,8],"tags":[],"_links":{"self":[{"href":"https:\/\/www.revistarescatados.com.ar\/web\/wp-json\/wp\/v2\/posts\/24928"}],"collection":[{"href":"https:\/\/www.revistarescatados.com.ar\/web\/wp-json\/wp\/v2\/posts"}],"about":[{"href":"https:\/\/www.revistarescatados.com.ar\/web\/wp-json\/wp\/v2\/types\/post"}],"author":[{"embeddable":true,"href":"https:\/\/www.revistarescatados.com.ar\/web\/wp-json\/wp\/v2\/users\/1"}],"replies":[{"embeddable":true,"href":"https:\/\/www.revistarescatados.com.ar\/web\/wp-json\/wp\/v2\/comments?post=24928"}],"version-history":[{"count":1,"href":"https:\/\/www.revistarescatados.com.ar\/web\/wp-json\/wp\/v2\/posts\/24928\/revisions"}],"predecessor-version":[{"id":24931,"href":"https:\/\/www.revistarescatados.com.ar\/web\/wp-json\/wp\/v2\/posts\/24928\/revisions\/24931"}],"wp:featuredmedia":[{"embeddable":true,"href":"https:\/\/www.revistarescatados.com.ar\/web\/wp-json\/wp\/v2\/media\/24929"}],"wp:attachment":[{"href":"https:\/\/www.revistarescatados.com.ar\/web\/wp-json\/wp\/v2\/media?parent=24928"}],"wp:term":[{"taxonomy":"category","embeddable":true,"href":"https:\/\/www.revistarescatados.com.ar\/web\/wp-json\/wp\/v2\/categories?post=24928"},{"taxonomy":"post_tag","embeddable":true,"href":"https:\/\/www.revistarescatados.com.ar\/web\/wp-json\/wp\/v2\/tags?post=24928"}],"curies":[{"name":"wp","href":"https:\/\/api.w.org\/{rel}","templated":true}]}}