{"id":24932,"date":"2025-10-09T22:59:16","date_gmt":"2025-10-10T01:59:16","guid":{"rendered":"https:\/\/www.revistarescatados.com.ar\/web\/?p=24932"},"modified":"2025-10-09T22:59:16","modified_gmt":"2025-10-10T01:59:16","slug":"un-padre-y-su-hija-quedaron-en-prision-preventiva-por-la-venta-de-droga-al-menudeo-en-reconquista","status":"publish","type":"post","link":"https:\/\/www.revistarescatados.com.ar\/web\/2025\/10\/09\/un-padre-y-su-hija-quedaron-en-prision-preventiva-por-la-venta-de-droga-al-menudeo-en-reconquista\/","title":{"rendered":"Un padre y su hija quedaron en prisi\u00f3n preventiva por la venta de droga al menudeo en Reconquista"},"content":{"rendered":"<p><strong>As\u00ed fue dispuesto a pedido del fiscal Sebasti\u00e1n Marichal en una audiencia que se desarroll\u00f3 en los tribunales reconquistenses. Las personas investigadas son un hombre de 43 a\u00f1os y su hija de 21 a\u00f1os, quienes fueron detenidos en el marco de tres allanamientos realizados en la tarde del martes y las primeras de ayer.<\/strong><\/p>\n<p><img loading=\"lazy\" class=\"size-full wp-image-4629 alignleft\" src=\"http:\/\/www.revistarescatados.com.ar\/web\/wp-content\/uploads\/2019\/04\/esposado.jpg\" alt=\"\" width=\"500\" height=\"324\" srcset=\"https:\/\/www.revistarescatados.com.ar\/web\/wp-content\/uploads\/2019\/04\/esposado.jpg 500w, https:\/\/www.revistarescatados.com.ar\/web\/wp-content\/uploads\/2019\/04\/esposado-300x194.jpg 300w\" sizes=\"(max-width: 500px) 100vw, 500px\" \/><\/p>\n<p>Quedaron en prisi\u00f3n preventiva dos personas a las que se investiga por la venta de droga al menudeo en Reconquista. Se trata de un hombre de 43 a\u00f1os y su hija de 21, cuyas iniciales son RAR y VNR, respectivamente.<\/p>\n<p>Las medidas cautelares fueron solicitadas por el fiscal Sebasti\u00e1n Marichal e impuestas por la jueza de la Investigaci\u00f3n Penal Preparatoria (IPP), Claudia Bress\u00e1n, en una audiencia desarrollada en los tribunales reconquistenses.<\/p>\n<p>\u201cLa magistrada hizo lugar a nuestro pedido y coincidi\u00f3 en que la privaci\u00f3n cautelar de la libertad de las dos personas era necesaria para mitigar los riesgos procesales\u201d, destac\u00f3 Marichal.<\/p>\n<p>El caso se enmarca en los objetivos priorizados por el MPA en su Plan de Persecuci\u00f3n Penal. En funci\u00f3n de ello, el Equipo de Microtr\u00e1fico de la Fiscal\u00eda General, a cargo de Diego Vigo, coordin\u00f3 tareas de an\u00e1lisis criminal y asign\u00f3 el caso para su investigaci\u00f3n.<\/p>\n<p><strong>Marihuana y coca\u00edna<\/strong><\/p>\n<p>Marichal se\u00f1al\u00f3 que \u201centre la tarde del martes y las primeras horas de ayer se realizaron tres allanamientos en diferentes viviendas del barrio Loteo Nardelli\u201d, y agreg\u00f3 que \u201clas diligencias fueron autorizadas judicialmente y concretadas por personal de Prefectura Naval Argentina&#8221;.<\/p>\n<p>El funcionario del MPA sostuvo que \u201ccomo resultado de las diligencias se secuestraron un ladrillo de coca\u00edna de 973 gramos y dos envoltorios con coca\u00edna fraccionada para su venta al menudeo\u201d. Adem\u00e1s, el personal de Prefectura secuestr\u00f3 \u201cuna escopeta calibre 28; seis tel\u00e9fonos celulares; dinero en efectivo y una moto\u201d.<\/p>\n<p>Marichal plante\u00f3 que \u201cadem\u00e1s de referir a la droga y a todo lo secuestrado en los allanamientos, en la audiencia de medidas cautelares presentamos una importante cantidad de evidencias que nos permiti\u00f3 dar cuenta que \u2013en esta etapa inicial del proceso penal\u2013 el hombre vend\u00eda estupefacientes en su casa desde, al menos, marzo de este a\u00f1o\u201d.<\/p>\n<p>\u201cEn relaci\u00f3n con la hija del imputado, los avances que logramos en la investigaci\u00f3n nos permitieron presentar evidencias de que guardaba en su casa algunos de los elementos que eran utilizados para la venta de droga al menudeo\u201d, concluy\u00f3 el fiscal.<\/p>\n<p><strong>Coautores<\/strong><\/p>\n<p>RAR es investigado por la autor\u00eda del delito de comercializaci\u00f3n de estupefacientes, mientras que a VNR se le atribuy\u00f3 la autor\u00eda de los delitos de tenencia de estupefacientes con fines de comercializaci\u00f3n y tenencia de arma de fuego de uso civil sin la debida autorizaci\u00f3n.<\/p>\n<p>&nbsp;<\/p>\n","protected":false},"excerpt":{"rendered":"<p>As\u00ed fue dispuesto a pedido del fiscal Sebasti\u00e1n Marichal en una audiencia que se desarroll\u00f3 en los tribunales reconquistenses. Las personas investigadas son un hombre de 43 a\u00f1os y su hija de&#46;&#46;&#46;<\/p>\n","protected":false},"author":1,"featured_media":4629,"comment_status":"closed","ping_status":"closed","sticky":false,"template":"","format":"standard","meta":[],"categories":[6,16,10,8],"tags":[],"_links":{"self":[{"href":"https:\/\/www.revistarescatados.com.ar\/web\/wp-json\/wp\/v2\/posts\/24932"}],"collection":[{"href":"https:\/\/www.revistarescatados.com.ar\/web\/wp-json\/wp\/v2\/posts"}],"about":[{"href":"https:\/\/www.revistarescatados.com.ar\/web\/wp-json\/wp\/v2\/types\/post"}],"author":[{"embeddable":true,"href":"https:\/\/www.revistarescatados.com.ar\/web\/wp-json\/wp\/v2\/users\/1"}],"replies":[{"embeddable":true,"href":"https:\/\/www.revistarescatados.com.ar\/web\/wp-json\/wp\/v2\/comments?post=24932"}],"version-history":[{"count":1,"href":"https:\/\/www.revistarescatados.com.ar\/web\/wp-json\/wp\/v2\/posts\/24932\/revisions"}],"predecessor-version":[{"id":24933,"href":"https:\/\/www.revistarescatados.com.ar\/web\/wp-json\/wp\/v2\/posts\/24932\/revisions\/24933"}],"wp:featuredmedia":[{"embeddable":true,"href":"https:\/\/www.revistarescatados.com.ar\/web\/wp-json\/wp\/v2\/media\/4629"}],"wp:attachment":[{"href":"https:\/\/www.revistarescatados.com.ar\/web\/wp-json\/wp\/v2\/media?parent=24932"}],"wp:term":[{"taxonomy":"category","embeddable":true,"href":"https:\/\/www.revistarescatados.com.ar\/web\/wp-json\/wp\/v2\/categories?post=24932"},{"taxonomy":"post_tag","embeddable":true,"href":"https:\/\/www.revistarescatados.com.ar\/web\/wp-json\/wp\/v2\/tags?post=24932"}],"curies":[{"name":"wp","href":"https:\/\/api.w.org\/{rel}","templated":true}]}}