{"id":24939,"date":"2025-10-09T23:35:55","date_gmt":"2025-10-10T02:35:55","guid":{"rendered":"https:\/\/www.revistarescatados.com.ar\/web\/?p=24939"},"modified":"2025-10-10T01:35:19","modified_gmt":"2025-10-10T04:35:19","slug":"solo-la-mitad-de-los-concejales-de-calchaqui-juraron-la-constitucion-reformada-de-santa-fe","status":"publish","type":"post","link":"https:\/\/www.revistarescatados.com.ar\/web\/2025\/10\/09\/solo-la-mitad-de-los-concejales-de-calchaqui-juraron-la-constitucion-reformada-de-santa-fe\/","title":{"rendered":"Solo la mitad de los concejales de Calchaqu\u00ed juraron la constituci\u00f3n reformada de Santa Fe"},"content":{"rendered":"<p><strong>&#8220;Como Concejo por unanimidad se decidi\u00f3 realizar el d\u00eda de hoy la jura, pero tres de los ediles oficialistas avisaron su ausencia&#8221;, se\u00f1al\u00f3 la presidente del cuerpo Tamara Aquino, dejando en evidencia la interna pol\u00edtico partidaria que prim\u00f3 sobre el acto protocolar establecido por las disposiciones transitorias de la nueva carta magna.<\/strong><\/p>\n<p><img loading=\"lazy\" class=\"aligncenter size-large wp-image-24940\" src=\"http:\/\/www.revistarescatados.com.ar\/web\/wp-content\/uploads\/2025\/10\/Jura-concejo-1024x675.jpg\" alt=\"\" width=\"1024\" height=\"675\" srcset=\"https:\/\/www.revistarescatados.com.ar\/web\/wp-content\/uploads\/2025\/10\/Jura-concejo-1024x675.jpg 1024w, https:\/\/www.revistarescatados.com.ar\/web\/wp-content\/uploads\/2025\/10\/Jura-concejo-300x198.jpg 300w, https:\/\/www.revistarescatados.com.ar\/web\/wp-content\/uploads\/2025\/10\/Jura-concejo-768x506.jpg 768w, https:\/\/www.revistarescatados.com.ar\/web\/wp-content\/uploads\/2025\/10\/Jura-concejo.jpg 1244w\" sizes=\"(max-width: 1024px) 100vw, 1024px\" \/><\/p>\n<p>Este jueves 9 de octubre, a las 20 horas, en el recinto de sesiones &#8220;Daniel Mangini&#8221; del Concejo Municipal se llevo a cabo la sesi\u00f3n. Como lo establecen las disposiciones transitorias de la carta magna, se llevo a cabo el acto de toma de juramento a la constituci\u00f3n provincial reformada, del que participaron los concejales Tamara Aquino, Mirna Paul\u00f3n y Juan Jos\u00e9 Humoller. Del acto no participaron los ediles oficialistas Graciela Hetze, Mart\u00edn Perello y Wilfredo Furrer; ni tampoco el intendente Rub\u00e9n Cuello que fue invitado.<\/p>\n<div class=\"x14z9mp xat24cr x1lziwak x1vvkbs xtlvy1s x126k92a\">\n<div dir=\"auto\">Tras las palabras de apertura de la secretaria Carina Molina y la entonaci\u00f3n del himno nacional argentino, el convencional constituyente Cristian Cunha realiz\u00f3 la toma de juramento a los ediles presentes, como tambi\u00e9n a la subsecretaria de asuntos electorales y vinculaci\u00f3n territorial Juliana Caillat. Adem\u00e1s hubo palabras de la presidente del cuerpo legislativo Tamara Aquino, la funcionaria provincial y el convencional, quien brind\u00f3 detalles sobre los alcances de la flamante constituci\u00f3n provincial.<\/div>\n<\/div>\n<div dir=\"auto\"><\/div>\n<div class=\"x14z9mp xat24cr x1lziwak x1vvkbs xtlvy1s x126k92a\">\n<div dir=\"auto\"><\/div>\n<div dir=\"auto\">&#8220;Hoy vivimos un momento hist\u00f3rico, la provincia de Santa Fe has renovado &#8211; despu\u00e9s de 60 a\u00f1os &#8211; su constituci\u00f3n promulgada el pasado 11 de septiembre de 2025 reafirmando los valores de la democracia, la autonom\u00eda municipal y los derechos de todos los santafesinos. Esta carta magna moderniza nuestras instituciones, amplia derechos y reconoce la importancia de los gobiernos locales como pilares del sistema republicano&#8221;, destac\u00f3 la presidente del cuerpo Tamara Aquino.<\/div>\n<\/div>\n<div dir=\"auto\"><\/div>\n<div dir=\"auto\"><\/div>\n<div class=\"x14z9mp xat24cr x1lziwak x1vvkbs xtlvy1s x126k92a\">\n<div dir=\"auto\"><strong>&#8220;Como Concejo por unanimidad se decidi\u00f3 realizar el d\u00eda de hoy la jura, pero tres de los ediles oficialistas avisaron su ausencia&#8221;, <\/strong>enfatiz\u00f3 la titular del legislativo. Asimismo destac\u00f3 que &#8220;desde nuestro bloque asumimos la promesa de trabajar junto a las instituciones y vecinos para un futuro mejor. Hoy renovamos nuestro compromiso con el pueblo de Calchaqu\u00ed , con la justicia, la transparencia y el trabajo colectivo. Que la nueva constituci\u00f3n sea una gu\u00eda y una inspiraci\u00f3n para servir con honestidad, compromiso y esperanza&#8221;.<\/div>\n<\/div>\n<div dir=\"auto\"><\/div>\n<div dir=\"auto\"><\/div>\n<div class=\"x14z9mp xat24cr x1lziwak x1vvkbs xtlvy1s x126k92a\">\n<div dir=\"auto\">Por su parte, la funcionaria provincial Juliana Caillat destac\u00f3 que m\u00e1s all\u00e1 del acto formal &#8220;es un signo de que estos concejales trabajan para la ciudad , para el futuro y tratan de estar siempre con los tiempos que corren&#8221;.<\/div>\n<div dir=\"auto\"><\/div>\n<\/div>\n<div dir=\"auto\"><strong>En cumplimiento de lo establecido por la nueva Carta Magna, los municipios de la provincia cuentan con plazo hasta el 12 de octubre para realizar el acto de juramento correspondiente.<\/strong><\/div>\n<div dir=\"auto\"><\/div>\n<div dir=\"auto\"><a href=\"https:\/\/www.facebook.com\/100063645937298\/videos\/1307908204120805\"><strong>VIDEO DEL ACTO<\/strong><\/a><\/div>\n","protected":false},"excerpt":{"rendered":"<p>&#8220;Como Concejo por unanimidad se decidi\u00f3 realizar el d\u00eda de hoy la jura, pero tres de los ediles oficialistas avisaron su ausencia&#8221;, se\u00f1al\u00f3 la presidente del cuerpo Tamara Aquino, dejando en evidencia&#46;&#46;&#46;<\/p>\n","protected":false},"author":1,"featured_media":24940,"comment_status":"closed","ping_status":"closed","sticky":false,"template":"","format":"standard","meta":[],"categories":[2,3,16,10,13,8],"tags":[],"_links":{"self":[{"href":"https:\/\/www.revistarescatados.com.ar\/web\/wp-json\/wp\/v2\/posts\/24939"}],"collection":[{"href":"https:\/\/www.revistarescatados.com.ar\/web\/wp-json\/wp\/v2\/posts"}],"about":[{"href":"https:\/\/www.revistarescatados.com.ar\/web\/wp-json\/wp\/v2\/types\/post"}],"author":[{"embeddable":true,"href":"https:\/\/www.revistarescatados.com.ar\/web\/wp-json\/wp\/v2\/users\/1"}],"replies":[{"embeddable":true,"href":"https:\/\/www.revistarescatados.com.ar\/web\/wp-json\/wp\/v2\/comments?post=24939"}],"version-history":[{"count":4,"href":"https:\/\/www.revistarescatados.com.ar\/web\/wp-json\/wp\/v2\/posts\/24939\/revisions"}],"predecessor-version":[{"id":24944,"href":"https:\/\/www.revistarescatados.com.ar\/web\/wp-json\/wp\/v2\/posts\/24939\/revisions\/24944"}],"wp:featuredmedia":[{"embeddable":true,"href":"https:\/\/www.revistarescatados.com.ar\/web\/wp-json\/wp\/v2\/media\/24940"}],"wp:attachment":[{"href":"https:\/\/www.revistarescatados.com.ar\/web\/wp-json\/wp\/v2\/media?parent=24939"}],"wp:term":[{"taxonomy":"category","embeddable":true,"href":"https:\/\/www.revistarescatados.com.ar\/web\/wp-json\/wp\/v2\/categories?post=24939"},{"taxonomy":"post_tag","embeddable":true,"href":"https:\/\/www.revistarescatados.com.ar\/web\/wp-json\/wp\/v2\/tags?post=24939"}],"curies":[{"name":"wp","href":"https:\/\/api.w.org\/{rel}","templated":true}]}}