{"id":24982,"date":"2025-10-23T22:27:50","date_gmt":"2025-10-24T01:27:50","guid":{"rendered":"https:\/\/www.revistarescatados.com.ar\/web\/?p=24982"},"modified":"2025-10-23T22:27:50","modified_gmt":"2025-10-24T01:27:50","slug":"condenaron-a-un-expresidente-comunal-de-villa-saralegui-y-a-su-hijo-por-agredir-y-amenazar-a-un-productor-rural","status":"publish","type":"post","link":"https:\/\/www.revistarescatados.com.ar\/web\/2025\/10\/23\/condenaron-a-un-expresidente-comunal-de-villa-saralegui-y-a-su-hijo-por-agredir-y-amenazar-a-un-productor-rural\/","title":{"rendered":"Condenaron a un expresidente comunal de Villa Saralegui y a su hijo por agredir y amenazar a un productor rural"},"content":{"rendered":"<p>&nbsp;<\/p>\n<p>&nbsp;<\/p>\n<p><strong>Se trata de Walter Adam Sola, a quien se le impusieron dos a\u00f1os de prisi\u00f3n condicional; y Nicol\u00e1s Sola, quien recibi\u00f3 una pena a un a\u00f1o y seis meses de prisi\u00f3n condicional. As\u00ed fue dispuesto en el marco de un juicio oral y p\u00fablico que finaliz\u00f3\u00a0 en los tribunales de la ciudad de Santa Fe.<\/strong><\/p>\n<p><img loading=\"lazy\" class=\"aligncenter size-full wp-image-24983\" src=\"http:\/\/www.revistarescatados.com.ar\/web\/wp-content\/uploads\/2025\/10\/Walter-Sola.jpg\" alt=\"\" width=\"814\" height=\"654\" srcset=\"https:\/\/www.revistarescatados.com.ar\/web\/wp-content\/uploads\/2025\/10\/Walter-Sola.jpg 814w, https:\/\/www.revistarescatados.com.ar\/web\/wp-content\/uploads\/2025\/10\/Walter-Sola-300x241.jpg 300w, https:\/\/www.revistarescatados.com.ar\/web\/wp-content\/uploads\/2025\/10\/Walter-Sola-768x617.jpg 768w\" sizes=\"(max-width: 814px) 100vw, 814px\" \/><br \/>\nEl expresidente comunal de Villa Saralegui (departamento San Crist\u00f3bal), Walter Adam Sola, y su hijo, Nicol\u00e1s Sola, fueron condenados por haber agredido y amenazado a un productor rural. Al exfuncionario se le impusieron dos a\u00f1os de prisi\u00f3n de cumplimiento condicional; mientras que a su hijo, un a\u00f1o y seis meses de prisi\u00f3n condicional.<\/p>\n<p>La sentencia fue dispuesta por el juez Octavio Silva, en un juicio oral y p\u00fablico que finaliz\u00f3 este mediod\u00eda en los tribunales de la ciudad de Santa Fe.<\/p>\n<p>Los fiscales Francisco Cecchini y Marcelo Nessier representaron al MPA en el debate. Tras conocer el veredicto, valoraron que \u201cel magistrado consider\u00f3 probados todos los hechos en los t\u00e9rminos en los que los hab\u00edamos planteado en nuestros alegatos\u201d.<\/p>\n<p>Asimismo, los funcionarios del MPA sostuvieron que \u201cel resultado del juicio da cuenta de una investigaci\u00f3n que se llev\u00f3 a cabo con una actuaci\u00f3n fiscal eficiente desde el primer momento\u201d, y destacaron que \u201clas primeras diligencias y la acusaci\u00f3n fueron realizadas por el fiscal Guillermo Persello, quien dise\u00f1\u00f3 la estrategia que nos permiti\u00f3 probar las conductas delictivas de Walter y Nicol\u00e1s Sola en el debate oral\u201d.<\/p>\n<p>En tanto, los fiscales indicaron que \u201cesperaremos a conocer los fundamentos del fallo para poder evaluar los pasos a seguir, sobre todo en relaci\u00f3n al modo de ejecuci\u00f3n de las penas impuestas\u201d, y recordaron que \u201chab\u00edamos solicitado condenas a prisi\u00f3n efectiva\u201d.<\/p>\n<p><strong>Agresi\u00f3n<\/strong><\/p>\n<p>Cechini y Nessier afirmaron que \u201cel lunes 3 de octubre de 2022 alrededor de las 11:30 de la ma\u00f1ana, un productor rural fue hasta la sede de gobierno de Villa Saralegui, discuti\u00f3 con los condenados y sufri\u00f3 una violenta agresi\u00f3n por parte de ellos\u201d.<\/p>\n<p>\u201cMientras la v\u00edctima filmaba con su tel\u00e9fono celular el intercambio verbal, el presidente comunal arroj\u00f3 al suelo el dispositivo m\u00f3vil, que se da\u00f1\u00f3 por completo\u201d, relataron los fiscales.<\/p>\n<p>\u201cLuego, Nicol\u00e1s Sola comenz\u00f3 a darle golpes de pu\u00f1o al productor rural, quien cay\u00f3 al piso y recibi\u00f3 patadas por parte de Walter Sola\u201d, remarcaron los funcionarios del MPA. \u201cComo consecuencia, la v\u00edctima result\u00f3 herida en diferentes partes de su cuerpo\u201d, afirmaron.<\/p>\n<p>Por otro lado, Cecchini y Nessier se\u00f1alaron que \u201cdespu\u00e9s del ataque, los condenados amenazaron de muerte a la persona a la que hab\u00edan golpeado\u201d.<\/p>\n<p><strong>Delitos<\/strong><\/p>\n<p>A los hombres que fueron juzgados se los conden\u00f3 como coautores de lesiones leves dolosas y amenazas. A su vez, a Walter Sola se le impuso la pena como autor de da\u00f1o.<\/p>\n<p>&nbsp;<\/p>\n","protected":false},"excerpt":{"rendered":"<p>&nbsp; &nbsp; Se trata de Walter Adam Sola, a quien se le impusieron dos a\u00f1os de prisi\u00f3n condicional; y Nicol\u00e1s Sola, quien recibi\u00f3 una pena a un a\u00f1o y seis meses de&#46;&#46;&#46;<\/p>\n","protected":false},"author":1,"featured_media":24983,"comment_status":"closed","ping_status":"closed","sticky":false,"template":"","format":"standard","meta":[],"categories":[4,10,14,8],"tags":[],"_links":{"self":[{"href":"https:\/\/www.revistarescatados.com.ar\/web\/wp-json\/wp\/v2\/posts\/24982"}],"collection":[{"href":"https:\/\/www.revistarescatados.com.ar\/web\/wp-json\/wp\/v2\/posts"}],"about":[{"href":"https:\/\/www.revistarescatados.com.ar\/web\/wp-json\/wp\/v2\/types\/post"}],"author":[{"embeddable":true,"href":"https:\/\/www.revistarescatados.com.ar\/web\/wp-json\/wp\/v2\/users\/1"}],"replies":[{"embeddable":true,"href":"https:\/\/www.revistarescatados.com.ar\/web\/wp-json\/wp\/v2\/comments?post=24982"}],"version-history":[{"count":1,"href":"https:\/\/www.revistarescatados.com.ar\/web\/wp-json\/wp\/v2\/posts\/24982\/revisions"}],"predecessor-version":[{"id":24984,"href":"https:\/\/www.revistarescatados.com.ar\/web\/wp-json\/wp\/v2\/posts\/24982\/revisions\/24984"}],"wp:featuredmedia":[{"embeddable":true,"href":"https:\/\/www.revistarescatados.com.ar\/web\/wp-json\/wp\/v2\/media\/24983"}],"wp:attachment":[{"href":"https:\/\/www.revistarescatados.com.ar\/web\/wp-json\/wp\/v2\/media?parent=24982"}],"wp:term":[{"taxonomy":"category","embeddable":true,"href":"https:\/\/www.revistarescatados.com.ar\/web\/wp-json\/wp\/v2\/categories?post=24982"},{"taxonomy":"post_tag","embeddable":true,"href":"https:\/\/www.revistarescatados.com.ar\/web\/wp-json\/wp\/v2\/tags?post=24982"}],"curies":[{"name":"wp","href":"https:\/\/api.w.org\/{rel}","templated":true}]}}