{"id":24985,"date":"2025-10-23T22:31:10","date_gmt":"2025-10-24T01:31:10","guid":{"rendered":"https:\/\/www.revistarescatados.com.ar\/web\/?p=24985"},"modified":"2025-10-23T22:31:10","modified_gmt":"2025-10-24T01:31:10","slug":"licitan-la-remodelacion-de-la-red-electrica-aerea-de-baja-tension-en-san-justo","status":"publish","type":"post","link":"https:\/\/www.revistarescatados.com.ar\/web\/2025\/10\/23\/licitan-la-remodelacion-de-la-red-electrica-aerea-de-baja-tension-en-san-justo\/","title":{"rendered":"Licitan la remodelaci\u00f3n de la red el\u00e9ctrica a\u00e9rea de baja tensi\u00f3n en San Justo"},"content":{"rendered":"<p><strong>El Senador Provincial Rodrigo Borla particip\u00f3 de la apertura de sobres de la licitaci\u00f3n para llevar a cabo la obra de remodelaci\u00f3n de la red a\u00e9rea de baja tensi\u00f3n que abarca los barrios Reyes, Mosser y El Tigre de la ciudad de San Justo.<\/strong><\/p>\n<p><img loading=\"lazy\" class=\"aligncenter size-large wp-image-24986\" src=\"http:\/\/www.revistarescatados.com.ar\/web\/wp-content\/uploads\/2025\/10\/borla-licitacion-epe-1024x461.jpg\" alt=\"\" width=\"1024\" height=\"461\" srcset=\"https:\/\/www.revistarescatados.com.ar\/web\/wp-content\/uploads\/2025\/10\/borla-licitacion-epe-1024x461.jpg 1024w, https:\/\/www.revistarescatados.com.ar\/web\/wp-content\/uploads\/2025\/10\/borla-licitacion-epe-300x135.jpg 300w, https:\/\/www.revistarescatados.com.ar\/web\/wp-content\/uploads\/2025\/10\/borla-licitacion-epe-768x346.jpg 768w, https:\/\/www.revistarescatados.com.ar\/web\/wp-content\/uploads\/2025\/10\/borla-licitacion-epe-1536x691.jpg 1536w, https:\/\/www.revistarescatados.com.ar\/web\/wp-content\/uploads\/2025\/10\/borla-licitacion-epe.jpg 1600w\" sizes=\"(max-width: 1024px) 100vw, 1024px\" \/><\/p>\n<p>El acto, que estuvo encabezado por la Presidente del Directorio de la Empresa Provincial de la Energ\u00eda, Dra. Anah\u00ed Rodr\u00edguez, y dem\u00e1s autoridades provinciales y locales, se desarroll\u00f3 en las instalaciones de la agencia local ubicada sobre la calle Alem.<\/p>\n<p>En la oportunidad, y con un presupuesto actualizado al mes de agosto del a\u00f1o en curso de $ 1.776.641.318,40 IVA incluido, se presentaron a la compulsa tres empresas cuyas cotizaciones para la realizaci\u00f3n de los tareas en todo el sector este de la ciudad dejaron sumamente conforme tanto al Senador Rodrigo Borla como a los dem\u00e1s funcionarios presentes.<\/p>\n<p>\u2026\u201choy \u00e9sta debe ser la obra m\u00e1s importante en los \u00faltimos 50 a\u00f1os en cuanto a impacto urbano. Esto es todo preensamblado y dos subestaciones para una poblaci\u00f3n que hoy estimamos es entre 8.000 y 9.000 habitantes\u201d\u2026, manifest\u00f3 Borla.<\/p>\n<p>El presidente del bloque Unidos en el Senado afirm\u00f3 que \u201ctoda esta gran inversi\u00f3n va a impactar fundamentalmente en ese sector, m\u00e1s de 1.700 millones de pesos del presupuesto oficial que ser\u00e1 mayormente para la compra de materiales, porque ser\u00e1 una obra por administraci\u00f3n\u201d&#8230;<\/p>\n<p><strong>Las ofertas para la obra:<\/strong><\/p>\n<p>SOBRE 1: Pir\u00e1mide Constructora S.A.: cotiz\u00f3 la suma de $ 1.542.173.879,12 + IVA.<\/p>\n<p>SOBRE 2: Bauza Ingenier\u00eda S.R.L.: cotiz\u00f3 la suma de $ 1.394.267.775,09 + IVA.<\/p>\n<p>SOBRE 3: BRIDGE HYDROGEN S.A.: cotiz\u00f3 la suma de $ 1.434.205.042,56 + IVA.<\/p>\n","protected":false},"excerpt":{"rendered":"<p>El Senador Provincial Rodrigo Borla particip\u00f3 de la apertura de sobres de la licitaci\u00f3n para llevar a cabo la obra de remodelaci\u00f3n de la red a\u00e9rea de baja tensi\u00f3n que abarca los&#46;&#46;&#46;<\/p>\n","protected":false},"author":1,"featured_media":24986,"comment_status":"closed","ping_status":"closed","sticky":false,"template":"","format":"standard","meta":[],"categories":[4,16,10,8],"tags":[],"_links":{"self":[{"href":"https:\/\/www.revistarescatados.com.ar\/web\/wp-json\/wp\/v2\/posts\/24985"}],"collection":[{"href":"https:\/\/www.revistarescatados.com.ar\/web\/wp-json\/wp\/v2\/posts"}],"about":[{"href":"https:\/\/www.revistarescatados.com.ar\/web\/wp-json\/wp\/v2\/types\/post"}],"author":[{"embeddable":true,"href":"https:\/\/www.revistarescatados.com.ar\/web\/wp-json\/wp\/v2\/users\/1"}],"replies":[{"embeddable":true,"href":"https:\/\/www.revistarescatados.com.ar\/web\/wp-json\/wp\/v2\/comments?post=24985"}],"version-history":[{"count":1,"href":"https:\/\/www.revistarescatados.com.ar\/web\/wp-json\/wp\/v2\/posts\/24985\/revisions"}],"predecessor-version":[{"id":24987,"href":"https:\/\/www.revistarescatados.com.ar\/web\/wp-json\/wp\/v2\/posts\/24985\/revisions\/24987"}],"wp:featuredmedia":[{"embeddable":true,"href":"https:\/\/www.revistarescatados.com.ar\/web\/wp-json\/wp\/v2\/media\/24986"}],"wp:attachment":[{"href":"https:\/\/www.revistarescatados.com.ar\/web\/wp-json\/wp\/v2\/media?parent=24985"}],"wp:term":[{"taxonomy":"category","embeddable":true,"href":"https:\/\/www.revistarescatados.com.ar\/web\/wp-json\/wp\/v2\/categories?post=24985"},{"taxonomy":"post_tag","embeddable":true,"href":"https:\/\/www.revistarescatados.com.ar\/web\/wp-json\/wp\/v2\/tags?post=24985"}],"curies":[{"name":"wp","href":"https:\/\/api.w.org\/{rel}","templated":true}]}}