{"id":25039,"date":"2025-10-31T20:51:54","date_gmt":"2025-10-31T23:51:54","guid":{"rendered":"https:\/\/www.revistarescatados.com.ar\/web\/?p=25039"},"modified":"2025-10-31T20:51:54","modified_gmt":"2025-10-31T23:51:54","slug":"calchaqui-ya-cuenta-con-su-comando-radioelectrico","status":"publish","type":"post","link":"https:\/\/www.revistarescatados.com.ar\/web\/2025\/10\/31\/calchaqui-ya-cuenta-con-su-comando-radioelectrico\/","title":{"rendered":"Calchaqu\u00ed ya cuenta con su comando radioel\u00e9ctrico"},"content":{"rendered":"<p><strong>Cuenta con 32 agentes, bajo la jefatura del Subcomisario Fernando Nicol\u00e1s Bruccieri. Se destac\u00f3 la labor preventiva que desarrollar\u00e1 a trav\u00e9s de patrullajes e identificaci\u00f3n de personas.<\/strong><\/p>\n<p><img loading=\"lazy\" class=\"aligncenter size-large wp-image-25040\" src=\"http:\/\/www.revistarescatados.com.ar\/web\/wp-content\/uploads\/2025\/10\/Comando-Radioelectrico-Calchaqui-1-1024x594.jpg\" alt=\"\" width=\"1024\" height=\"594\" srcset=\"https:\/\/www.revistarescatados.com.ar\/web\/wp-content\/uploads\/2025\/10\/Comando-Radioelectrico-Calchaqui-1-1024x594.jpg 1024w, https:\/\/www.revistarescatados.com.ar\/web\/wp-content\/uploads\/2025\/10\/Comando-Radioelectrico-Calchaqui-1-300x174.jpg 300w, https:\/\/www.revistarescatados.com.ar\/web\/wp-content\/uploads\/2025\/10\/Comando-Radioelectrico-Calchaqui-1-768x445.jpg 768w, https:\/\/www.revistarescatados.com.ar\/web\/wp-content\/uploads\/2025\/10\/Comando-Radioelectrico-Calchaqui-1-1536x891.jpg 1536w, https:\/\/www.revistarescatados.com.ar\/web\/wp-content\/uploads\/2025\/10\/Comando-Radioelectrico-Calchaqui-1.jpg 1600w\" sizes=\"(max-width: 1024px) 100vw, 1024px\" \/><\/p>\n<p>En la ma\u00f1ana del viernes 31 de octubre se llev\u00f3 a cabo en la ciudad de Calchaqu\u00ed la ceremonia de puesta en funcionamiento del Comando Radioel\u00e9ctrico Regional Sur \u2013 Calchaqu\u00ed que fuera creado mediante la Resoluci\u00f3n J.P.P. D-3 N\u00ba 005\/25.<\/p>\n<p><a href=\"https:\/\/www.facebook.com\/reel\/1546135516398552\">VIDEO <strong>BENDICI\u00d3N DEL CURA P\u00c1RROCO<\/strong><\/a><\/p>\n<p>La ceremonia dio inicio con la bendici\u00f3n del lugar, a cargo del Presb\u00edtero Luciano Carneiro, de la Parroquia San Luis Gonzaga, junto a los pastores Rosal\u00eda Mendoza y Claudio Ronzoni de la Iglesia Filadelfia.<\/p>\n<p><a href=\"https:\/\/www.facebook.com\/reel\/1311949497296195\"><strong>VIDEO BENDICI\u00d3N DE PASTORES<\/strong><\/a><\/p>\n<p>En la oportunidad, el flamante Jefe de la Secci\u00f3n Comando Radioel\u00e9ctrico Regional Sur, Subcomisario Fernando Nicol\u00e1s Bruccieri, agradeci\u00f3 la confianza depositada por las autoridades y destac\u00f3 el rol fundamental que desempe\u00f1ar\u00e1 la nueva dependencia en materia de prevenci\u00f3n y respuesta inmediata ante los requerimientos de la comunidad.<\/p>\n<p><a href=\"https:\/\/www.facebook.com\/reel\/1264931355675878\"><strong>PALABRAS DEL JEFE FERNANDO BRICCIERI<\/strong><\/a><\/p>\n<p>Seguidamente, el Sub Jefe de Polic\u00eda de la Provincia, Lic. Daniel Filchel, hizo referencia a la importancia de contar con esta nueva secci\u00f3n en la ciudad, resaltando la labor preventiva que desarrollar\u00e1 a trav\u00e9s de patrullajes e identificaci\u00f3n de personas.<\/p>\n<p>La ceremonia finaliz\u00f3 con el descubrimiento de una placa conmemorativa y el tradicional corte de cinta, quedando oficialmente inaugurado el Comando Radioel\u00e9ctrico Regional Sur \u2013 Calchaqu\u00ed.<\/p>\n<p>El acto cont\u00f3 con la presencia de autoridades provinciales, municipales y policiales. La nueva dependencia fortalecer\u00e1 la prevenci\u00f3n y la respuesta inmediata ante los requerimientos de la comunidad en la zona sur del departamento Vera.<\/p>\n<p><a href=\"https:\/\/www.facebook.com\/photo\/?fbid=1474046931393491&amp;set=pcb.1474048041393380\"><strong>ALBUM DE FOTOS<\/strong><\/a><\/p>\n","protected":false},"excerpt":{"rendered":"<p>Cuenta con 32 agentes, bajo la jefatura del Subcomisario Fernando Nicol\u00e1s Bruccieri. Se destac\u00f3 la labor preventiva que desarrollar\u00e1 a trav\u00e9s de patrullajes e identificaci\u00f3n de personas. En la ma\u00f1ana del viernes&#46;&#46;&#46;<\/p>\n","protected":false},"author":1,"featured_media":25040,"comment_status":"closed","ping_status":"closed","sticky":false,"template":"","format":"standard","meta":[],"categories":[2,3,16,10,11,8],"tags":[],"_links":{"self":[{"href":"https:\/\/www.revistarescatados.com.ar\/web\/wp-json\/wp\/v2\/posts\/25039"}],"collection":[{"href":"https:\/\/www.revistarescatados.com.ar\/web\/wp-json\/wp\/v2\/posts"}],"about":[{"href":"https:\/\/www.revistarescatados.com.ar\/web\/wp-json\/wp\/v2\/types\/post"}],"author":[{"embeddable":true,"href":"https:\/\/www.revistarescatados.com.ar\/web\/wp-json\/wp\/v2\/users\/1"}],"replies":[{"embeddable":true,"href":"https:\/\/www.revistarescatados.com.ar\/web\/wp-json\/wp\/v2\/comments?post=25039"}],"version-history":[{"count":1,"href":"https:\/\/www.revistarescatados.com.ar\/web\/wp-json\/wp\/v2\/posts\/25039\/revisions"}],"predecessor-version":[{"id":25041,"href":"https:\/\/www.revistarescatados.com.ar\/web\/wp-json\/wp\/v2\/posts\/25039\/revisions\/25041"}],"wp:featuredmedia":[{"embeddable":true,"href":"https:\/\/www.revistarescatados.com.ar\/web\/wp-json\/wp\/v2\/media\/25040"}],"wp:attachment":[{"href":"https:\/\/www.revistarescatados.com.ar\/web\/wp-json\/wp\/v2\/media?parent=25039"}],"wp:term":[{"taxonomy":"category","embeddable":true,"href":"https:\/\/www.revistarescatados.com.ar\/web\/wp-json\/wp\/v2\/categories?post=25039"},{"taxonomy":"post_tag","embeddable":true,"href":"https:\/\/www.revistarescatados.com.ar\/web\/wp-json\/wp\/v2\/tags?post=25039"}],"curies":[{"name":"wp","href":"https:\/\/api.w.org\/{rel}","templated":true}]}}