{"id":2516,"date":"2018-10-27T00:28:15","date_gmt":"2018-10-27T03:28:15","guid":{"rendered":"http:\/\/www.revistarescatados.com.ar\/web\/?p=2516"},"modified":"2018-10-27T00:28:15","modified_gmt":"2018-10-27T03:28:15","slug":"pagaran-ajustes-retroactivos-de-sueldos-a-empleados-municipales-de-vera","status":"publish","type":"post","link":"https:\/\/www.revistarescatados.com.ar\/web\/2018\/10\/27\/pagaran-ajustes-retroactivos-de-sueldos-a-empleados-municipales-de-vera\/","title":{"rendered":"Pagar\u00e1n ajustes retroactivos de sueldos a empleados municipales de Vera"},"content":{"rendered":"<p><img loading=\"lazy\" class=\"aligncenter size-full wp-image-2517\" src=\"http:\/\/www.revistarescatados.com.ar\/web\/wp-content\/uploads\/2018\/10\/Municipalidad-de-Vera.jpg\" alt=\"\" width=\"500\" height=\"375\" srcset=\"https:\/\/www.revistarescatados.com.ar\/web\/wp-content\/uploads\/2018\/10\/Municipalidad-de-Vera.jpg 500w, https:\/\/www.revistarescatados.com.ar\/web\/wp-content\/uploads\/2018\/10\/Municipalidad-de-Vera-300x225.jpg 300w\" sizes=\"(max-width: 500px) 100vw, 500px\" \/><\/p>\n<p><span style=\"color: #0000ff;\"><strong>\u00a0La Regional Noreste de Festram\u00a0 lleg\u00f3 a un acuerdo con el intendente de Vera, Reynaldo Fabbroni, por\u00a0 pago de los retroactivos de la cl\u00e1usula gatillo.<\/strong><\/span><\/p>\n<p>Esta ma\u00f1ana, en la sede municipal verense se reunieron el intendente Reynaldo Fabbroni y representantes de la Regional Noreste de FESTRAM, Vicente Vallejos e Ismael Vanney, encuentro del que tambi\u00e9n participaron representantes del SITRAM Vera, Rub\u00e9n Barrientos y Clorindo Barbona.<\/p>\n<p>El motivo del c\u00f3nclave fue las diferencias retroactivas surgidas de la aplicaci\u00f3n de la cl\u00e1usula gatillo del acta paritaria 2018.<\/p>\n<p>Convinieron en que la diferencia surgida en los meses de mayo (2,8%), junio (6,9%) y primera cuota del SAC 2018 (3,45%), que totaliza 13,15%, junto a la diferencias surgidas en julio (4%) y agosto (7,7%) que hacen un global de 24,85%, ser\u00e1 abonada en cuatro cuotas remunerativas iguales y consecutivas a partir del mes de octubre de este a\u00f1o.<\/p>\n<p>Asimismo, en el incremento previsto para el mes de octubre la escala se abonar\u00e1 normalmente, que fue de 33,6% de febrero.<\/p>\n","protected":false},"excerpt":{"rendered":"<p>\u00a0La Regional Noreste de Festram\u00a0 lleg\u00f3 a un acuerdo con el intendente de Vera, Reynaldo Fabbroni, por\u00a0 pago de los retroactivos de la cl\u00e1usula gatillo. Esta ma\u00f1ana, en la sede municipal verense&#46;&#46;&#46;<\/p>\n","protected":false},"author":1,"featured_media":2517,"comment_status":"closed","ping_status":"open","sticky":false,"template":"","format":"standard","meta":[],"categories":[3,10,8],"tags":[],"_links":{"self":[{"href":"https:\/\/www.revistarescatados.com.ar\/web\/wp-json\/wp\/v2\/posts\/2516"}],"collection":[{"href":"https:\/\/www.revistarescatados.com.ar\/web\/wp-json\/wp\/v2\/posts"}],"about":[{"href":"https:\/\/www.revistarescatados.com.ar\/web\/wp-json\/wp\/v2\/types\/post"}],"author":[{"embeddable":true,"href":"https:\/\/www.revistarescatados.com.ar\/web\/wp-json\/wp\/v2\/users\/1"}],"replies":[{"embeddable":true,"href":"https:\/\/www.revistarescatados.com.ar\/web\/wp-json\/wp\/v2\/comments?post=2516"}],"version-history":[{"count":1,"href":"https:\/\/www.revistarescatados.com.ar\/web\/wp-json\/wp\/v2\/posts\/2516\/revisions"}],"predecessor-version":[{"id":2518,"href":"https:\/\/www.revistarescatados.com.ar\/web\/wp-json\/wp\/v2\/posts\/2516\/revisions\/2518"}],"wp:featuredmedia":[{"embeddable":true,"href":"https:\/\/www.revistarescatados.com.ar\/web\/wp-json\/wp\/v2\/media\/2517"}],"wp:attachment":[{"href":"https:\/\/www.revistarescatados.com.ar\/web\/wp-json\/wp\/v2\/media?parent=2516"}],"wp:term":[{"taxonomy":"category","embeddable":true,"href":"https:\/\/www.revistarescatados.com.ar\/web\/wp-json\/wp\/v2\/categories?post=2516"},{"taxonomy":"post_tag","embeddable":true,"href":"https:\/\/www.revistarescatados.com.ar\/web\/wp-json\/wp\/v2\/tags?post=2516"}],"curies":[{"name":"wp","href":"https:\/\/api.w.org\/{rel}","templated":true}]}}