{"id":25315,"date":"2025-12-26T15:26:51","date_gmt":"2025-12-26T18:26:51","guid":{"rendered":"https:\/\/www.revistarescatados.com.ar\/web\/?p=25315"},"modified":"2025-12-26T15:26:51","modified_gmt":"2025-12-26T18:26:51","slug":"mateo-y-olivia-los-nombres-mas-elegidos-por-los-santafesinos-en-2025","status":"publish","type":"post","link":"https:\/\/www.revistarescatados.com.ar\/web\/2025\/12\/26\/mateo-y-olivia-los-nombres-mas-elegidos-por-los-santafesinos-en-2025\/","title":{"rendered":"Mateo y Olivia, los nombres m\u00e1s elegidos por los santafesinos en 2025"},"content":{"rendered":"<div><\/div>\n<div><strong>Los datos surgen de las inscripciones realizadas en todo el territorio provincial y reflejan las preferencias de las familias santafesinas al momento de registrar nacimientos, en el marco de la funci\u00f3n esencial que cumple el Registro Civil en la garant\u00eda del derecho a la identidad. Adem\u00e1s, al 15 de diciembre, se registraron 8.650 matrimonios y 10.220 uniones convivenciales.<\/strong><\/div>\n<div><\/div>\n<div>\u00a0 <img loading=\"lazy\" class=\"aligncenter size-full wp-image-1730\" src=\"http:\/\/www.revistarescatados.com.ar\/web\/wp-content\/uploads\/2018\/08\/bebe-prematuro.jpg\" alt=\"\" width=\"560\" height=\"420\" srcset=\"https:\/\/www.revistarescatados.com.ar\/web\/wp-content\/uploads\/2018\/08\/bebe-prematuro.jpg 560w, https:\/\/www.revistarescatados.com.ar\/web\/wp-content\/uploads\/2018\/08\/bebe-prematuro-300x225.jpg 300w\" sizes=\"(max-width: 560px) 100vw, 560px\" \/><\/div>\n<div>El Registro Civil de la Provincia de Santa Fe dio a conocer el balance de tr\u00e1mites realizados durante 2025, con datos consolidados al 15 de diciembre. Entre los indicadores m\u00e1s relevantes del a\u00f1o se destacan los nombres m\u00e1s elegidos por las familias santafesinas al momento de inscribir nacimientos.<\/div>\n<div><\/div>\n<div>En ese per\u00edodo, Mateo (466 ni\u00f1os), Bautista (363) y Enzo (362) fueron los nombres m\u00e1s registrados entre los varones; mientras que Olivia (491), Emilia (412) e Isabella (308) encabezaron el ranking en el caso de las ni\u00f1as. En total, se inscribieron 32.084 nacimientos en toda la provincia.<\/div>\n<div><\/div>\n<div>M\u00e1s all\u00e1 de estos datos de la vida cotidiana, el Registro Civil sostiene una tarea central en la garant\u00eda de derechos, la identidad y el acceso a la documentaci\u00f3n, en el marco del proceso de modernizaci\u00f3n y transformaci\u00f3n digital que impulsa el Estado provincial.<\/div>\n<div><\/div>\n<div><strong>Los principales n\u00fameros de 2025<\/strong><\/div>\n<div><\/div>\n<div>Al 15 de diciembre de este a\u00f1o, el Registro Civil tramit\u00f3 en todo el territorio santafesino:<\/div>\n<div>\u2022\u2060\u00a0 \u20608.650 matrimonios.<\/div>\n<div>\u2022\u2060\u00a0 \u206010.220 uniones convivenciales.<\/div>\n<div>\u2022\u2060\u00a0 \u206032.084 nacimientos.<\/div>\n<div>\u2022\u2060\u00a0 \u206029.380 defunciones.<\/div>\n<div>Estas cifras reflejan el volumen de trabajo cotidiano que desarrolla el organismo a trav\u00e9s de una red de m\u00e1s de 300 oficinas, distribuidas en toda la provincia.<\/div>\n<div><\/div>\n<div><strong>Un servicio m\u00e1s \u00e1gil y digital<\/strong><\/div>\n<div><\/div>\n<div>El balance anual se inscribe en el proceso de transformaci\u00f3n del Estado provincial, orientado a la digitalizaci\u00f3n y descentralizaci\u00f3n de tr\u00e1mites, con el objetivo de brindar mayor celeridad, eficiencia e igualdad de acceso a la ciudadan\u00eda, independientemente del lugar de residencia.<\/div>\n<div><\/div>\n<div>Este proceso forma parte del programa Territorio 5.0, que promueve un modelo de gobierno digital mediante herramientas como la Plataforma Timb\u00f3 y la digitalizaci\u00f3n de actas. Gracias a estas innovaciones, las y los ciudadanos pueden acceder de manera online a registros de nacimientos, matrimonios, uniones convivenciales y defunciones.<\/div>\n<div><\/div>\n<div><strong>Presencia en todo el territorio<\/strong><\/div>\n<div><\/div>\n<div>El Registro Civil cuenta con m\u00e1s de 300 oficinas distribuidas en los 19 departamentos de la provincia, adem\u00e1s de archivos documentales departamentales y un archivo central ubicado en la ciudad de Santa Fe.<\/div>\n<div><\/div>\n<div>Actualmente, el organismo avanza en la digitalizaci\u00f3n integral de sus registros, fortaleciendo un servicio p\u00fablico m\u00e1s eficiente, \u00e1gil y accesible, que consolida el derecho a la identidad y acerca el Estado a cada santafesino y santafesina.<\/div>\n","protected":false},"excerpt":{"rendered":"<p>Los datos surgen de las inscripciones realizadas en todo el territorio provincial y reflejan las preferencias de las familias santafesinas al momento de registrar nacimientos, en el marco de la funci\u00f3n esencial&#46;&#46;&#46;<\/p>\n","protected":false},"author":1,"featured_media":14845,"comment_status":"closed","ping_status":"closed","sticky":false,"template":"","format":"standard","meta":[],"categories":[16,10,12,8],"tags":[],"_links":{"self":[{"href":"https:\/\/www.revistarescatados.com.ar\/web\/wp-json\/wp\/v2\/posts\/25315"}],"collection":[{"href":"https:\/\/www.revistarescatados.com.ar\/web\/wp-json\/wp\/v2\/posts"}],"about":[{"href":"https:\/\/www.revistarescatados.com.ar\/web\/wp-json\/wp\/v2\/types\/post"}],"author":[{"embeddable":true,"href":"https:\/\/www.revistarescatados.com.ar\/web\/wp-json\/wp\/v2\/users\/1"}],"replies":[{"embeddable":true,"href":"https:\/\/www.revistarescatados.com.ar\/web\/wp-json\/wp\/v2\/comments?post=25315"}],"version-history":[{"count":1,"href":"https:\/\/www.revistarescatados.com.ar\/web\/wp-json\/wp\/v2\/posts\/25315\/revisions"}],"predecessor-version":[{"id":25316,"href":"https:\/\/www.revistarescatados.com.ar\/web\/wp-json\/wp\/v2\/posts\/25315\/revisions\/25316"}],"wp:featuredmedia":[{"embeddable":true,"href":"https:\/\/www.revistarescatados.com.ar\/web\/wp-json\/wp\/v2\/media\/14845"}],"wp:attachment":[{"href":"https:\/\/www.revistarescatados.com.ar\/web\/wp-json\/wp\/v2\/media?parent=25315"}],"wp:term":[{"taxonomy":"category","embeddable":true,"href":"https:\/\/www.revistarescatados.com.ar\/web\/wp-json\/wp\/v2\/categories?post=25315"},{"taxonomy":"post_tag","embeddable":true,"href":"https:\/\/www.revistarescatados.com.ar\/web\/wp-json\/wp\/v2\/tags?post=25315"}],"curies":[{"name":"wp","href":"https:\/\/api.w.org\/{rel}","templated":true}]}}