{"id":25317,"date":"2025-12-26T15:29:37","date_gmt":"2025-12-26T18:29:37","guid":{"rendered":"https:\/\/www.revistarescatados.com.ar\/web\/?p=25317"},"modified":"2025-12-26T15:29:37","modified_gmt":"2025-12-26T18:29:37","slug":"condenaron-a-12-anos-de-prision-a-un-hombre-que-abuso-sexualmente-de-su-hija-menor-de-edad-en-reconquista-y-avellaneda","status":"publish","type":"post","link":"https:\/\/www.revistarescatados.com.ar\/web\/2025\/12\/26\/condenaron-a-12-anos-de-prision-a-un-hombre-que-abuso-sexualmente-de-su-hija-menor-de-edad-en-reconquista-y-avellaneda\/","title":{"rendered":"Condenaron\u00a0a\u00a012 a\u00f1os de prisi\u00f3n a un hombre\u00a0que abus\u00f3 sexualmente de su hija\u00a0menor de edad\u00a0en Reconquista y Avellaneda"},"content":{"rendered":"<div>\n<p align=\"center\">\n<p align=\"center\"><strong>Se trata de\u00a0Hugo Alberto Sandoval, de 39 a\u00f1os, quien no comparte el apellido con la v\u00edctima. Para lograr su detenci\u00f3n, el MPA llev\u00f3 a cabo un trabajo coordinado con fuerzas de seguridad de la provincia de Buenos Aires.<\/strong><\/p>\n<p align=\"center\"><img loading=\"lazy\" class=\"aligncenter size-large wp-image-16990\" src=\"http:\/\/www.revistarescatados.com.ar\/web\/wp-content\/uploads\/2022\/04\/Avellaneda-1024x605.jpg\" alt=\"\" width=\"1024\" height=\"605\" srcset=\"https:\/\/www.revistarescatados.com.ar\/web\/wp-content\/uploads\/2022\/04\/Avellaneda-1024x605.jpg 1024w, https:\/\/www.revistarescatados.com.ar\/web\/wp-content\/uploads\/2022\/04\/Avellaneda-300x177.jpg 300w, https:\/\/www.revistarescatados.com.ar\/web\/wp-content\/uploads\/2022\/04\/Avellaneda-768x454.jpg 768w, https:\/\/www.revistarescatados.com.ar\/web\/wp-content\/uploads\/2022\/04\/Avellaneda.jpg 1100w\" sizes=\"(max-width: 1024px) 100vw, 1024px\" \/><\/p>\n<p>Un hombre de\u00a039 a\u00f1os identificado como\u00a0Hugo Alberto Sandoval fue condenado a 12 a\u00f1os de prisi\u00f3n por haber abusado sexualmente de su hija menor de edad \u2013quien no comparte el apellido con \u00e9l. Los hechos il\u00edcitos tuvieron lugar en las ciudades de Reconquista y Avellaneda (ambas del departamento General Obligado).<\/p>\n<p>La sentencia fue dispuesta por la jueza Norma Senn, en el marco de un juicio en el que se abreviaron los procedimientos que se desarroll\u00f3 en los tribunales reconquistenses.<\/p>\n<p>La fiscal que investig\u00f3 lo sucedido y represent\u00f3 al MPA ante la magistrada es Georgina D\u00edaz.<\/p>\n<p><b>Los hechos<\/b><\/p>\n<p>D\u00edaz\u00a0plante\u00f3 que \u201cel condenado agredi\u00f3 sexualmente a la v\u00edctima en reiteradas oportunidades entre 2021 y 2023\u201d, y aclar\u00f3 que \u201cal momento de los primeros il\u00edcitos, ella transitaba su escolaridad primaria\u201d.<\/p>\n<p>\u201cLos abusos fueron cometidos en una vivienda, en un hotel y en una zona de pastizales, todos ubicados en el norte provincial\u201d, afirm\u00f3 la funcionaria del MPA. \u201cPara evitar que su hija hablara con otras personas sobre lo sucedido, Sandoval ejerc\u00eda gran violencia en perjuicio de la ni\u00f1a y adem\u00e1s la amenazaba con provocarle da\u00f1os a la mujer que es la madre de ella\u201d, asever\u00f3.<\/p>\n<p>Asimismo, la fiscal manifest\u00f3 que \u201csin dudas, los abusos tuvieron entidad suficiente para alterar el normal desarrollo sexual de la v\u00edctima\u201d.<\/p>\n<p><b>Pr\u00f3fugo<\/b><\/p>\n<p>En cuanto a la investigaci\u00f3n, D\u00edaz detall\u00f3 que \u201ctras la denuncia, el condenado se mantuvo pr\u00f3fugo y con un pedido de detenci\u00f3n vigente por alrededor de diez meses\u201d. Al respecto, expuso que \u201cdurante ese per\u00edodo, se constat\u00f3 que \u00e9l manten\u00eda contacto telef\u00f3nico con la madre de su hija, lo que permiti\u00f3 localizarlo a partir de diferentes diligencias\u201d.<\/p>\n<p>\u201cCon la colaboraci\u00f3n del equipo de apoyo de investigaciones priorizadas de la Fiscal\u00eda Regional 4, entrecruzamos datos de comunicaciones y perfiles de redes sociales y pudimos ubicar a Sandoval en la ciudad de Salto, en la provincia de Buenos Aires\u201d, especific\u00f3 la fiscal. \u201cEntonces, conformamos una comisi\u00f3n interinstitucional con fuerzas de seguridad bonaerenses\u201d, sostuvo y valor\u00f3 que \u201cgracias al trabajo coordinado, el condenado fue ubicado y privado de su libertad\u201d.<\/p>\n<p>\u201cA trav\u00e9s de un exhorto al Juzgado de Garant\u00edas n\u00famero 1 de Mercedes, Buenos Aires, el condenado fue trasladado hacia nuestra jurisdicci\u00f3n\u201d, precis\u00f3.<\/p>\n<p><b>Responsabilidad penal<\/b><\/p>\n<p>Sandoval fue condenado como autor de abuso sexual con acceso carnal y abuso sexual gravemente ultrajante, ambos delitos calificados (por haber sido cometido por un ascendiente o encargado de la guarda, contra una persona menor de 18 a\u00f1os, aprovech\u00e1ndose de la convivencia). A su vez, la pena se le impuso por la autor\u00eda de promoci\u00f3n a la corrupci\u00f3n de menores agravada (por haber sido en perjuicio de una persona menor de 13 a\u00f1os mediando amenazas y violencia y por haber sido cometido por un ascendiente o encargado de la guarda).<\/p>\n<p>El hombre de 39 a\u00f1os admiti\u00f3 su responsabilidad penal y, junto con su abogado defensor, acept\u00f3 la atribuci\u00f3n delictiva, la pena impuesta y la decisi\u00f3n de abreviar los procedimientos del juicio.<\/p>\n<\/div>\n<div><\/div>\n","protected":false},"excerpt":{"rendered":"<p>Se trata de\u00a0Hugo Alberto Sandoval, de 39 a\u00f1os, quien no comparte el apellido con la v\u00edctima. Para lograr su detenci\u00f3n, el MPA llev\u00f3 a cabo un trabajo coordinado con fuerzas de seguridad&#46;&#46;&#46;<\/p>\n","protected":false},"author":1,"featured_media":16990,"comment_status":"closed","ping_status":"closed","sticky":false,"template":"","format":"standard","meta":[],"categories":[6,16,10,8],"tags":[],"_links":{"self":[{"href":"https:\/\/www.revistarescatados.com.ar\/web\/wp-json\/wp\/v2\/posts\/25317"}],"collection":[{"href":"https:\/\/www.revistarescatados.com.ar\/web\/wp-json\/wp\/v2\/posts"}],"about":[{"href":"https:\/\/www.revistarescatados.com.ar\/web\/wp-json\/wp\/v2\/types\/post"}],"author":[{"embeddable":true,"href":"https:\/\/www.revistarescatados.com.ar\/web\/wp-json\/wp\/v2\/users\/1"}],"replies":[{"embeddable":true,"href":"https:\/\/www.revistarescatados.com.ar\/web\/wp-json\/wp\/v2\/comments?post=25317"}],"version-history":[{"count":1,"href":"https:\/\/www.revistarescatados.com.ar\/web\/wp-json\/wp\/v2\/posts\/25317\/revisions"}],"predecessor-version":[{"id":25318,"href":"https:\/\/www.revistarescatados.com.ar\/web\/wp-json\/wp\/v2\/posts\/25317\/revisions\/25318"}],"wp:featuredmedia":[{"embeddable":true,"href":"https:\/\/www.revistarescatados.com.ar\/web\/wp-json\/wp\/v2\/media\/16990"}],"wp:attachment":[{"href":"https:\/\/www.revistarescatados.com.ar\/web\/wp-json\/wp\/v2\/media?parent=25317"}],"wp:term":[{"taxonomy":"category","embeddable":true,"href":"https:\/\/www.revistarescatados.com.ar\/web\/wp-json\/wp\/v2\/categories?post=25317"},{"taxonomy":"post_tag","embeddable":true,"href":"https:\/\/www.revistarescatados.com.ar\/web\/wp-json\/wp\/v2\/tags?post=25317"}],"curies":[{"name":"wp","href":"https:\/\/api.w.org\/{rel}","templated":true}]}}