{"id":25325,"date":"2025-12-29T18:34:02","date_gmt":"2025-12-29T21:34:02","guid":{"rendered":"https:\/\/www.revistarescatados.com.ar\/web\/?p=25325"},"modified":"2025-12-29T18:34:55","modified_gmt":"2025-12-29T21:34:55","slug":"otro-vacuno-suelto-en-la-ruta-11-casi-provoca-una-tragedia-en-calchaqui","status":"publish","type":"post","link":"https:\/\/www.revistarescatados.com.ar\/web\/2025\/12\/29\/otro-vacuno-suelto-en-la-ruta-11-casi-provoca-una-tragedia-en-calchaqui\/","title":{"rendered":"Otro vacuno suelto en la ruta 11 casi provoca una tragedia en Calchaqu\u00ed"},"content":{"rendered":"<p><strong>El transporte de la Comuna de Pedro Gomez Cello que trasladaba 5 adolescentes atropell\u00f3 al vacuno al sur de la ciudad. El animal muri\u00f3 por el impacto, lesiones leves en los ocupantes y da\u00f1os materiales en la camioneta, pero denuncian que es frecuente este tipo de accidentes en esa zona.<\/strong><\/p>\n<p><img loading=\"lazy\" class=\"aligncenter size-full wp-image-25326\" src=\"http:\/\/www.revistarescatados.com.ar\/web\/wp-content\/uploads\/2025\/12\/Choque-vacuno.jpg\" alt=\"\" width=\"720\" height=\"540\" srcset=\"https:\/\/www.revistarescatados.com.ar\/web\/wp-content\/uploads\/2025\/12\/Choque-vacuno.jpg 720w, https:\/\/www.revistarescatados.com.ar\/web\/wp-content\/uploads\/2025\/12\/Choque-vacuno-300x225.jpg 300w\" sizes=\"(max-width: 720px) 100vw, 720px\" \/><br \/>\nPor el incidente, se form\u00f3 causa por infracci\u00f3n. Art. 98 ley provincial 13774, referida a la omisi\u00f3n de custodias de animales.<\/p>\n<p>El siniestro vial tuvo lugar el s\u00e1bado 27 de diciembre, siendo aproximadamente las 21 Hs; en Ruta Nacional Nro. 11 al sur de la ciudad de Calchaqu\u00ed, entre la f\u00e1brica l\u00e1ctea y un descanso.<\/p>\n<p>Por causas que se tratan de establecer un Utilitario marca Mercedes Benz, color blanco, conducido por un hombre mayor de edad de Pedro Gomez Cello &#8211; acompa\u00f1ado por 5 j\u00f3venes menores de edad de entre 12 y 15 a\u00f1os de Calchaqu\u00ed &#8211; colision\u00f3 un animal vacuno que se encontraba sobre la cinta asf\u00e1ltica, produciendo la muerte del animal.<\/p>\n<p>Se hizo presente personal de la secci\u00f3n 7ma DGSR de Calchaqu\u00ed fines de determinar la propiedad del animal vacuno. Los ocupantes del veh\u00edculo fueron atendidos por medico en turno del SAMCO Local.<\/p>\n","protected":false},"excerpt":{"rendered":"<p>El transporte de la Comuna de Pedro Gomez Cello que trasladaba 5 adolescentes atropell\u00f3 al vacuno al sur de la ciudad. El animal muri\u00f3 por el impacto, lesiones leves en los ocupantes&#46;&#46;&#46;<\/p>\n","protected":false},"author":1,"featured_media":25326,"comment_status":"closed","ping_status":"closed","sticky":false,"template":"","format":"standard","meta":[],"categories":[4,3,16,11,8],"tags":[],"_links":{"self":[{"href":"https:\/\/www.revistarescatados.com.ar\/web\/wp-json\/wp\/v2\/posts\/25325"}],"collection":[{"href":"https:\/\/www.revistarescatados.com.ar\/web\/wp-json\/wp\/v2\/posts"}],"about":[{"href":"https:\/\/www.revistarescatados.com.ar\/web\/wp-json\/wp\/v2\/types\/post"}],"author":[{"embeddable":true,"href":"https:\/\/www.revistarescatados.com.ar\/web\/wp-json\/wp\/v2\/users\/1"}],"replies":[{"embeddable":true,"href":"https:\/\/www.revistarescatados.com.ar\/web\/wp-json\/wp\/v2\/comments?post=25325"}],"version-history":[{"count":2,"href":"https:\/\/www.revistarescatados.com.ar\/web\/wp-json\/wp\/v2\/posts\/25325\/revisions"}],"predecessor-version":[{"id":25328,"href":"https:\/\/www.revistarescatados.com.ar\/web\/wp-json\/wp\/v2\/posts\/25325\/revisions\/25328"}],"wp:featuredmedia":[{"embeddable":true,"href":"https:\/\/www.revistarescatados.com.ar\/web\/wp-json\/wp\/v2\/media\/25326"}],"wp:attachment":[{"href":"https:\/\/www.revistarescatados.com.ar\/web\/wp-json\/wp\/v2\/media?parent=25325"}],"wp:term":[{"taxonomy":"category","embeddable":true,"href":"https:\/\/www.revistarescatados.com.ar\/web\/wp-json\/wp\/v2\/categories?post=25325"},{"taxonomy":"post_tag","embeddable":true,"href":"https:\/\/www.revistarescatados.com.ar\/web\/wp-json\/wp\/v2\/tags?post=25325"}],"curies":[{"name":"wp","href":"https:\/\/api.w.org\/{rel}","templated":true}]}}