{"id":25332,"date":"2025-12-30T19:51:11","date_gmt":"2025-12-30T22:51:11","guid":{"rendered":"https:\/\/www.revistarescatados.com.ar\/web\/?p=25332"},"modified":"2025-12-30T19:51:11","modified_gmt":"2025-12-30T22:51:11","slug":"cronograma-de-pago-de-haberes-de-diciembre-a-trabajadores-provinciales","status":"publish","type":"post","link":"https:\/\/www.revistarescatados.com.ar\/web\/2025\/12\/30\/cronograma-de-pago-de-haberes-de-diciembre-a-trabajadores-provinciales\/","title":{"rendered":"Cronograma de pago de haberes de diciembre a trabajadores provinciales"},"content":{"rendered":"<div><\/div>\n<div><\/div>\n<div><\/div>\n<div><strong>Comenzar\u00e1 el viernes 2 de enero y se completar\u00e1 el jueves 8. La liquidaci\u00f3n incluye el aumento acordado en paritarias, que completar\u00e1 un 10,8 % para el semestre julio &#8211; diciembre. Para los sectores de menor poder adquisitivo, se otorgar\u00e1 un m\u00ednimo garantizado de $ 30.000 con relaci\u00f3n a los haberes de octubre.<\/strong><\/div>\n<div><\/div>\n<div>El Gobierno Provincial, a trav\u00e9s del Ministerio de Econom\u00eda, inform\u00f3 que los haberes del mes de diciembre se percibir\u00e1n a partir del viernes 2 de enero, con un cronograma que concluir\u00e1 el jueves 8.<\/div>\n<div><\/div>\n<div>La liquidaci\u00f3n de los haberes incluye el aumento acordado en paritarias del 1 % para diciembre, por lo que la actualizaci\u00f3n total alcanzar\u00e1 el 10,8 % para el semestre julio-diciembre (1,5 % julio, 1,5 % agosto, 1 % septiembre, 1 % octubre y 4,8 % en noviembre y 1 % para diciembre).<\/div>\n<div><\/div>\n<div>Los sectores con menores ingresos tendr\u00e1n tambi\u00e9n un m\u00ednimo garantizado en diciembre de $ 30.000, con relaci\u00f3n a los haberes de octubre. Esta medida se adopt\u00f3 con el objetivo de sostener el poder de compra en un contexto de variaciones de precios que contin\u00faa impactando sobre los ingresos de los hogares.<\/div>\n<div><\/div>\n<div>De esta manera, ning\u00fan agente estatal habr\u00e1 percibido menos de 100.000 pesos de incremento para el per\u00edodo julio &#8211; diciembre. Y en el tramo de enero a diciembre, ninguno habr\u00e1 cobrado menos de 245.000 pesos.<\/div>\n<div><\/div>\n<div>Es importante recordar que el 4,8 % otorgado en los sueldos de noviembre, inclu\u00edan el 1 % de aumento paritario y el 3,8 % de compensaci\u00f3n, por la diferencia los datos de inflaci\u00f3n del IPEC (Instituto Provincial de Estad\u00edsticas y Censos) y los aumentos paritarios acordados.<\/div>\n<div><\/div>\n<div><strong>Cronograma<\/strong><\/div>\n<div><\/div>\n<div><strong>Viernes 2 de enero (acreditaci\u00f3n en cuenta mi\u00e9rcoles 31 de diciembre)<\/strong><\/div>\n<div><\/div>\n<div>* Pasivos a los que les corresponde percibir un monto de bolsillo de hasta $1.150.000<\/div>\n<div><\/div>\n<div>* Escalaf\u00f3n Policial y Penitenciario.<\/div>\n<div><\/div>\n<div><strong>Lunes 5 de enero (acreditaci\u00f3n en cuenta s\u00e1bado 3 de enero)<\/strong><\/div>\n<div><\/div>\n<div>* Activos a los que les corresponde percibir un monto de bolsillo de hasta $1.150.000<\/div>\n<div><\/div>\n<div>* Docentes de Escuelas Privadas Transferidas 1\u00b0 y 2\u00b0 Convenio.<\/div>\n<div><\/div>\n<div><strong>Martes 6 de enero<\/strong><\/div>\n<div><\/div>\n<div>* Resto de Activos a los que les corresponde percibir un monto de bolsillo superior a $1.150.000<\/div>\n<div><\/div>\n<div>* Docentes de Escuelas Privadas Hist\u00f3ricas<\/div>\n<div><\/div>\n<div><strong>Mi\u00e9rcoles 7 de enero<\/strong><\/div>\n<div><\/div>\n<div>* Resto de Pasivos a los que les corresponde percibir un monto de bolsillo superior a los $1.150.000<\/div>\n<div><\/div>\n<div><strong>Jueves 8 de enero<\/strong><\/div>\n<div><\/div>\n<div>* Autoridades Superiores: Poder Judicial, MPA, MPD, Poder Legislativo y Poder Ejecutivo<\/div>\n<div><\/div>\n","protected":false},"excerpt":{"rendered":"<p>Comenzar\u00e1 el viernes 2 de enero y se completar\u00e1 el jueves 8. La liquidaci\u00f3n incluye el aumento acordado en paritarias, que completar\u00e1 un 10,8 % para el semestre julio &#8211; diciembre. Para&#46;&#46;&#46;<\/p>\n","protected":false},"author":1,"featured_media":103,"comment_status":"closed","ping_status":"closed","sticky":false,"template":"","format":"standard","meta":[],"categories":[16,10,12,8],"tags":[],"_links":{"self":[{"href":"https:\/\/www.revistarescatados.com.ar\/web\/wp-json\/wp\/v2\/posts\/25332"}],"collection":[{"href":"https:\/\/www.revistarescatados.com.ar\/web\/wp-json\/wp\/v2\/posts"}],"about":[{"href":"https:\/\/www.revistarescatados.com.ar\/web\/wp-json\/wp\/v2\/types\/post"}],"author":[{"embeddable":true,"href":"https:\/\/www.revistarescatados.com.ar\/web\/wp-json\/wp\/v2\/users\/1"}],"replies":[{"embeddable":true,"href":"https:\/\/www.revistarescatados.com.ar\/web\/wp-json\/wp\/v2\/comments?post=25332"}],"version-history":[{"count":1,"href":"https:\/\/www.revistarescatados.com.ar\/web\/wp-json\/wp\/v2\/posts\/25332\/revisions"}],"predecessor-version":[{"id":25333,"href":"https:\/\/www.revistarescatados.com.ar\/web\/wp-json\/wp\/v2\/posts\/25332\/revisions\/25333"}],"wp:featuredmedia":[{"embeddable":true,"href":"https:\/\/www.revistarescatados.com.ar\/web\/wp-json\/wp\/v2\/media\/103"}],"wp:attachment":[{"href":"https:\/\/www.revistarescatados.com.ar\/web\/wp-json\/wp\/v2\/media?parent=25332"}],"wp:term":[{"taxonomy":"category","embeddable":true,"href":"https:\/\/www.revistarescatados.com.ar\/web\/wp-json\/wp\/v2\/categories?post=25332"},{"taxonomy":"post_tag","embeddable":true,"href":"https:\/\/www.revistarescatados.com.ar\/web\/wp-json\/wp\/v2\/tags?post=25332"}],"curies":[{"name":"wp","href":"https:\/\/api.w.org\/{rel}","templated":true}]}}