{"id":25351,"date":"2026-01-03T00:55:15","date_gmt":"2026-01-03T03:55:15","guid":{"rendered":"https:\/\/www.revistarescatados.com.ar\/web\/?p=25351"},"modified":"2026-01-03T00:55:15","modified_gmt":"2026-01-03T03:55:15","slug":"sarmiento-de-margarita-se-corono-campeon-del-torneo-clausura-de-la-lvf","status":"publish","type":"post","link":"https:\/\/www.revistarescatados.com.ar\/web\/2026\/01\/03\/sarmiento-de-margarita-se-corono-campeon-del-torneo-clausura-de-la-lvf\/","title":{"rendered":"Sarmiento de Margarita se coron\u00f3 campe\u00f3n del torneo clausura de la LVF"},"content":{"rendered":"<p><strong>En un partido disputado en la cancha de Carlos Gardel, el equipo de primera divisi\u00f3n del rojo se impuso a Hurac\u00e1n de La Criolla con un contundente marcador final de 4 a 1.<\/strong><\/p>\n<p><img loading=\"lazy\" class=\"aligncenter size-full wp-image-25352\" src=\"http:\/\/www.revistarescatados.com.ar\/web\/wp-content\/uploads\/2026\/01\/Sarmiento.jpg\" alt=\"\" width=\"959\" height=\"725\" srcset=\"https:\/\/www.revistarescatados.com.ar\/web\/wp-content\/uploads\/2026\/01\/Sarmiento.jpg 959w, https:\/\/www.revistarescatados.com.ar\/web\/wp-content\/uploads\/2026\/01\/Sarmiento-300x227.jpg 300w, https:\/\/www.revistarescatados.com.ar\/web\/wp-content\/uploads\/2026\/01\/Sarmiento-768x581.jpg 768w\" sizes=\"(max-width: 959px) 100vw, 959px\" \/><\/p>\n<p>El 30 de diciembre, se disput\u00f3 el partido definitorio en Primera Divisi\u00f3n de la Liga Verense de F\u00fatbol. Centro Social Sarmiento de Margarita recibi\u00f3 a Hurac\u00e1n de La Criolla oficiando de local en cancha de Carlos Gardel en Calchaqu\u00ed.<\/p>\n<p>En esta ocasi\u00f3n el local venci\u00f3 al rojiverde por 1-0 con gol de Ivan Moreno ( en el segundo tiempo). La disputa tra\u00eda un parcial de 3-1 para los dirigidos de Facu Couvert y con este resultado cerr\u00f3 el global en 4-1 consagr\u00e1ndose como campe\u00f3n 2025.<\/p>\n<p>Tanto Sarmiento como Central Colonia debieron jugar como local en la cancha de El Tanguero por no tener iluminaci\u00f3n en sus predios, una condici\u00f3n obligatoria para ajustarse al calendario de la Liga Verense de F\u00fatbol, al finalizar el Torneo Clausura.<\/p>\n","protected":false},"excerpt":{"rendered":"<p>En un partido disputado en la cancha de Carlos Gardel, el equipo de primera divisi\u00f3n del rojo se impuso a Hurac\u00e1n de La Criolla con un contundente marcador final de 4 a&#46;&#46;&#46;<\/p>\n","protected":false},"author":1,"featured_media":25352,"comment_status":"closed","ping_status":"closed","sticky":false,"template":"","format":"standard","meta":[],"categories":[2,3,17,16],"tags":[],"_links":{"self":[{"href":"https:\/\/www.revistarescatados.com.ar\/web\/wp-json\/wp\/v2\/posts\/25351"}],"collection":[{"href":"https:\/\/www.revistarescatados.com.ar\/web\/wp-json\/wp\/v2\/posts"}],"about":[{"href":"https:\/\/www.revistarescatados.com.ar\/web\/wp-json\/wp\/v2\/types\/post"}],"author":[{"embeddable":true,"href":"https:\/\/www.revistarescatados.com.ar\/web\/wp-json\/wp\/v2\/users\/1"}],"replies":[{"embeddable":true,"href":"https:\/\/www.revistarescatados.com.ar\/web\/wp-json\/wp\/v2\/comments?post=25351"}],"version-history":[{"count":1,"href":"https:\/\/www.revistarescatados.com.ar\/web\/wp-json\/wp\/v2\/posts\/25351\/revisions"}],"predecessor-version":[{"id":25353,"href":"https:\/\/www.revistarescatados.com.ar\/web\/wp-json\/wp\/v2\/posts\/25351\/revisions\/25353"}],"wp:featuredmedia":[{"embeddable":true,"href":"https:\/\/www.revistarescatados.com.ar\/web\/wp-json\/wp\/v2\/media\/25352"}],"wp:attachment":[{"href":"https:\/\/www.revistarescatados.com.ar\/web\/wp-json\/wp\/v2\/media?parent=25351"}],"wp:term":[{"taxonomy":"category","embeddable":true,"href":"https:\/\/www.revistarescatados.com.ar\/web\/wp-json\/wp\/v2\/categories?post=25351"},{"taxonomy":"post_tag","embeddable":true,"href":"https:\/\/www.revistarescatados.com.ar\/web\/wp-json\/wp\/v2\/tags?post=25351"}],"curies":[{"name":"wp","href":"https:\/\/api.w.org\/{rel}","templated":true}]}}