{"id":25394,"date":"2026-01-12T02:21:49","date_gmt":"2026-01-12T05:21:49","guid":{"rendered":"https:\/\/www.revistarescatados.com.ar\/web\/?p=25394"},"modified":"2026-01-12T02:21:49","modified_gmt":"2026-01-12T05:21:49","slug":"malvina-soledad-kiferling-ejerce-la-intendencia-interina-en-calchaqui","status":"publish","type":"post","link":"https:\/\/www.revistarescatados.com.ar\/web\/2026\/01\/12\/malvina-soledad-kiferling-ejerce-la-intendencia-interina-en-calchaqui\/","title":{"rendered":"Malvina Soledad Kiferling ejerce la intendencia interina en Calchaqu\u00ed"},"content":{"rendered":"<p><strong>Hasta el pr\u00f3ximo 30 de enero, la vicepresidenta primera del Concejo Municipal ocupar\u00e1 el sill\u00f3n del ejecutivo municipal. Adem\u00e1s el edil Juan Jos\u00e9 Humoller\u00a0 asumi\u00f3 la presidencia del Concejo.<\/strong><\/p>\n<p><img loading=\"lazy\" class=\"aligncenter size-large wp-image-25395\" src=\"http:\/\/www.revistarescatados.com.ar\/web\/wp-content\/uploads\/2026\/01\/sesion-1024x514.jpg\" alt=\"\" width=\"1024\" height=\"514\" srcset=\"https:\/\/www.revistarescatados.com.ar\/web\/wp-content\/uploads\/2026\/01\/sesion-1024x514.jpg 1024w, https:\/\/www.revistarescatados.com.ar\/web\/wp-content\/uploads\/2026\/01\/sesion-300x150.jpg 300w, https:\/\/www.revistarescatados.com.ar\/web\/wp-content\/uploads\/2026\/01\/sesion-768x385.jpg 768w, https:\/\/www.revistarescatados.com.ar\/web\/wp-content\/uploads\/2026\/01\/sesion-1536x770.jpg 1536w, https:\/\/www.revistarescatados.com.ar\/web\/wp-content\/uploads\/2026\/01\/sesion.jpg 2048w\" sizes=\"(max-width: 1024px) 100vw, 1024px\" \/><\/p>\n<p>En una sesi\u00f3n extraordinaria, realizada eljueves 8 de enero en la sede municipal, la edil asumi\u00f3 la funci\u00f3n ejecutiva por la licencia por vacaciones del intendente Rub\u00e9n Oscar Cuello hasta el pr\u00f3ximo 30 de enero.<\/p>\n<p>En el mismo acto asumi\u00f3 como presidente del HCM, el edil Juan Jos\u00e9 Humoller, por licencia del presidente del cuerpo legislativo Pablo Perello. Tambien participaron del acto, los concejales Wilfredo Furrer y Juan Pablo Franco y el secretario municipal de hacienda y finanzas Pablo Monz\u00f3n.<\/p>\n<p>La vicepresidenta primera del Concejo, Malvina Kiferling, reemplaza al intendente, Rub\u00e9n Cuello, durante su licencia anual ordinaria, desde el 08 hasta el 30 de enero del corriente a\u00f1o.<\/p>\n<p>Por otro lado, el vicepresidente segundo del HCM, Juan Jos\u00e9 Humoller, ser\u00e1 quien asuma la presidencia del Concejo durante este per\u00edodo.<\/p>\n","protected":false},"excerpt":{"rendered":"<p>Hasta el pr\u00f3ximo 30 de enero, la vicepresidenta primera del Concejo Municipal ocupar\u00e1 el sill\u00f3n del ejecutivo municipal. Adem\u00e1s el edil Juan Jos\u00e9 Humoller\u00a0 asumi\u00f3 la presidencia del Concejo. En una sesi\u00f3n&#46;&#46;&#46;<\/p>\n","protected":false},"author":1,"featured_media":25395,"comment_status":"closed","ping_status":"closed","sticky":false,"template":"","format":"standard","meta":[],"categories":[2,3,16,10],"tags":[],"_links":{"self":[{"href":"https:\/\/www.revistarescatados.com.ar\/web\/wp-json\/wp\/v2\/posts\/25394"}],"collection":[{"href":"https:\/\/www.revistarescatados.com.ar\/web\/wp-json\/wp\/v2\/posts"}],"about":[{"href":"https:\/\/www.revistarescatados.com.ar\/web\/wp-json\/wp\/v2\/types\/post"}],"author":[{"embeddable":true,"href":"https:\/\/www.revistarescatados.com.ar\/web\/wp-json\/wp\/v2\/users\/1"}],"replies":[{"embeddable":true,"href":"https:\/\/www.revistarescatados.com.ar\/web\/wp-json\/wp\/v2\/comments?post=25394"}],"version-history":[{"count":1,"href":"https:\/\/www.revistarescatados.com.ar\/web\/wp-json\/wp\/v2\/posts\/25394\/revisions"}],"predecessor-version":[{"id":25396,"href":"https:\/\/www.revistarescatados.com.ar\/web\/wp-json\/wp\/v2\/posts\/25394\/revisions\/25396"}],"wp:featuredmedia":[{"embeddable":true,"href":"https:\/\/www.revistarescatados.com.ar\/web\/wp-json\/wp\/v2\/media\/25395"}],"wp:attachment":[{"href":"https:\/\/www.revistarescatados.com.ar\/web\/wp-json\/wp\/v2\/media?parent=25394"}],"wp:term":[{"taxonomy":"category","embeddable":true,"href":"https:\/\/www.revistarescatados.com.ar\/web\/wp-json\/wp\/v2\/categories?post=25394"},{"taxonomy":"post_tag","embeddable":true,"href":"https:\/\/www.revistarescatados.com.ar\/web\/wp-json\/wp\/v2\/tags?post=25394"}],"curies":[{"name":"wp","href":"https:\/\/api.w.org\/{rel}","templated":true}]}}