{"id":25398,"date":"2026-01-15T22:51:00","date_gmt":"2026-01-16T01:51:00","guid":{"rendered":"https:\/\/www.revistarescatados.com.ar\/web\/?p=25398"},"modified":"2026-01-15T22:51:00","modified_gmt":"2026-01-16T01:51:00","slug":"motociclista-de-calchaqui-lesionado-en-un-siniestro-vial","status":"publish","type":"post","link":"https:\/\/www.revistarescatados.com.ar\/web\/2026\/01\/15\/motociclista-de-calchaqui-lesionado-en-un-siniestro-vial\/","title":{"rendered":"Motociclista de Calchaqu\u00ed lesionado en un siniestro vial"},"content":{"rendered":"<p><strong>Tuvo lugar en la esquina de las calle 9 de Julio y Roque S\u00e1enz Pe\u00f1a, entre una moto y un utilitario. El conductor de la moto de 25 a\u00f1os result\u00f3 con lesiones visibles y fue atendido en la guardia del hospital Ricardo Aldao.<\/strong><\/p>\n<p><img loading=\"lazy\" class=\"aligncenter size-full wp-image-25399\" src=\"http:\/\/www.revistarescatados.com.ar\/web\/wp-content\/uploads\/2026\/01\/choque.jpg\" alt=\"\" width=\"800\" height=\"520\" srcset=\"https:\/\/www.revistarescatados.com.ar\/web\/wp-content\/uploads\/2026\/01\/choque.jpg 800w, https:\/\/www.revistarescatados.com.ar\/web\/wp-content\/uploads\/2026\/01\/choque-300x195.jpg 300w, https:\/\/www.revistarescatados.com.ar\/web\/wp-content\/uploads\/2026\/01\/choque-768x499.jpg 768w\" sizes=\"(max-width: 800px) 100vw, 800px\" \/><\/p>\n<p>El accidente de tr\u00e1nsito se registr\u00f3 el mi\u00e9rcoles 14 de enero de 2026, cerca del mediod\u00eda, en la ciudad de Calchaqu\u00ed, y tuvo como protagonistas a un utilitario y una motocicleta.<\/p>\n<p>El hecho ocurri\u00f3 en la intersecci\u00f3n de calles Roque S\u00e1enz Pe\u00f1a y 9 de Julio, donde personal policial de la Secci\u00f3n Comando Radioel\u00e9ctrico fue comisionado tras una alerta por un siniestro vial. Al arribar al lugar, los efectivos constataron la colisi\u00f3n entre una motocicleta de 110 cc y una camioneta utilitaria.<\/p>\n<p>Seg\u00fan la informaci\u00f3n policial, la motocicleta era guiada por Mat\u00edas Aguirre, de 25 a\u00f1os, mientras que el utilitario era conducido por un hombre de 38 a\u00f1os, de apellido Althaus. Ambos involucrados tienen domicilio en la ciudad.<\/p>\n<p>Como consecuencia del impacto, el motociclista presentaba lesiones visibles, por lo que fue trasladado al hospital local para recibir atenci\u00f3n m\u00e9dica. En tanto, el conductor del utilitario manifest\u00f3 no presentar lesiones.<\/p>\n<p>&nbsp;<\/p>\n<p>&nbsp;<\/p>\n","protected":false},"excerpt":{"rendered":"<p>Tuvo lugar en la esquina de las calle 9 de Julio y Roque S\u00e1enz Pe\u00f1a, entre una moto y un utilitario. El conductor de la moto de 25 a\u00f1os result\u00f3 con lesiones&#46;&#46;&#46;<\/p>\n","protected":false},"author":1,"featured_media":25399,"comment_status":"closed","ping_status":"closed","sticky":false,"template":"","format":"standard","meta":[],"categories":[2,3,16,11],"tags":[],"_links":{"self":[{"href":"https:\/\/www.revistarescatados.com.ar\/web\/wp-json\/wp\/v2\/posts\/25398"}],"collection":[{"href":"https:\/\/www.revistarescatados.com.ar\/web\/wp-json\/wp\/v2\/posts"}],"about":[{"href":"https:\/\/www.revistarescatados.com.ar\/web\/wp-json\/wp\/v2\/types\/post"}],"author":[{"embeddable":true,"href":"https:\/\/www.revistarescatados.com.ar\/web\/wp-json\/wp\/v2\/users\/1"}],"replies":[{"embeddable":true,"href":"https:\/\/www.revistarescatados.com.ar\/web\/wp-json\/wp\/v2\/comments?post=25398"}],"version-history":[{"count":1,"href":"https:\/\/www.revistarescatados.com.ar\/web\/wp-json\/wp\/v2\/posts\/25398\/revisions"}],"predecessor-version":[{"id":25400,"href":"https:\/\/www.revistarescatados.com.ar\/web\/wp-json\/wp\/v2\/posts\/25398\/revisions\/25400"}],"wp:featuredmedia":[{"embeddable":true,"href":"https:\/\/www.revistarescatados.com.ar\/web\/wp-json\/wp\/v2\/media\/25399"}],"wp:attachment":[{"href":"https:\/\/www.revistarescatados.com.ar\/web\/wp-json\/wp\/v2\/media?parent=25398"}],"wp:term":[{"taxonomy":"category","embeddable":true,"href":"https:\/\/www.revistarescatados.com.ar\/web\/wp-json\/wp\/v2\/categories?post=25398"},{"taxonomy":"post_tag","embeddable":true,"href":"https:\/\/www.revistarescatados.com.ar\/web\/wp-json\/wp\/v2\/tags?post=25398"}],"curies":[{"name":"wp","href":"https:\/\/api.w.org\/{rel}","templated":true}]}}