{"id":2541,"date":"2018-10-30T13:35:01","date_gmt":"2018-10-30T16:35:01","guid":{"rendered":"http:\/\/www.revistarescatados.com.ar\/web\/?p=2541"},"modified":"2018-10-30T13:35:01","modified_gmt":"2018-10-30T16:35:01","slug":"exitosa-charla-sobre-cancer-de-mama-en-calchaqui","status":"publish","type":"post","link":"https:\/\/www.revistarescatados.com.ar\/web\/2018\/10\/30\/exitosa-charla-sobre-cancer-de-mama-en-calchaqui\/","title":{"rendered":"Exitosa charla sobre c\u00e1ncer de mama en Calchaqu\u00ed"},"content":{"rendered":"<p><img loading=\"lazy\" class=\"aligncenter size-full wp-image-2543\" src=\"http:\/\/www.revistarescatados.com.ar\/web\/wp-content\/uploads\/2018\/10\/Charla-sobre-cancer-de-mama.jpg\" alt=\"\" width=\"960\" height=\"720\" srcset=\"https:\/\/www.revistarescatados.com.ar\/web\/wp-content\/uploads\/2018\/10\/Charla-sobre-cancer-de-mama.jpg 960w, https:\/\/www.revistarescatados.com.ar\/web\/wp-content\/uploads\/2018\/10\/Charla-sobre-cancer-de-mama-300x225.jpg 300w, https:\/\/www.revistarescatados.com.ar\/web\/wp-content\/uploads\/2018\/10\/Charla-sobre-cancer-de-mama-768x576.jpg 768w\" sizes=\"(max-width: 960px) 100vw, 960px\" \/><\/p>\n<p><span style=\"color: #0000ff;\"><strong>El s\u00e1bado 27 se llev\u00f3 a cabo en el recinto del Concejo Municipal la charla de Concientizaci\u00f3n sobre el C\u00e1ncer de Mama a cargo de la Dra. Ana Orlando, onc\u00f3loga de la ciudad de Reconquista. <\/strong><\/span><\/p>\n<p>La promotora de la jornada, concejal Joana Muss\u00edn agradeci\u00f3 \u00a0a la profesional el dictado una charla informativa y din\u00e1mica y \u00a0\u201ca las chicas que asistieron mill\u00f3n de gracias\u201d, se\u00f1al\u00f3 la edil.<\/p>\n<p><img loading=\"lazy\" class=\"aligncenter size-full wp-image-2542\" src=\"http:\/\/www.revistarescatados.com.ar\/web\/wp-content\/uploads\/2018\/10\/Charla-sobre-cancer-de-mama-1.jpg\" alt=\"\" width=\"960\" height=\"720\" srcset=\"https:\/\/www.revistarescatados.com.ar\/web\/wp-content\/uploads\/2018\/10\/Charla-sobre-cancer-de-mama-1.jpg 960w, https:\/\/www.revistarescatados.com.ar\/web\/wp-content\/uploads\/2018\/10\/Charla-sobre-cancer-de-mama-1-300x225.jpg 300w, https:\/\/www.revistarescatados.com.ar\/web\/wp-content\/uploads\/2018\/10\/Charla-sobre-cancer-de-mama-1-768x576.jpg 768w\" sizes=\"(max-width: 960px) 100vw, 960px\" \/><\/p>\n<p>Tambi\u00e9n agradeci\u00f3 a los autores de las obras pl\u00e1sticas que se utilizaron para decorar el Concejo: Evi Cancian, Laura Saavedra y Emmanuel Sutter; como tambi\u00e9n a las empresas que acompa\u00f1aron la charla con un presente a las participantes.<\/p>\n","protected":false},"excerpt":{"rendered":"<p>El s\u00e1bado 27 se llev\u00f3 a cabo en el recinto del Concejo Municipal la charla de Concientizaci\u00f3n sobre el C\u00e1ncer de Mama a cargo de la Dra. Ana Orlando, onc\u00f3loga de la&#46;&#46;&#46;<\/p>\n","protected":false},"author":1,"featured_media":2543,"comment_status":"closed","ping_status":"open","sticky":false,"template":"","format":"standard","meta":[],"categories":[2,3,9],"tags":[],"_links":{"self":[{"href":"https:\/\/www.revistarescatados.com.ar\/web\/wp-json\/wp\/v2\/posts\/2541"}],"collection":[{"href":"https:\/\/www.revistarescatados.com.ar\/web\/wp-json\/wp\/v2\/posts"}],"about":[{"href":"https:\/\/www.revistarescatados.com.ar\/web\/wp-json\/wp\/v2\/types\/post"}],"author":[{"embeddable":true,"href":"https:\/\/www.revistarescatados.com.ar\/web\/wp-json\/wp\/v2\/users\/1"}],"replies":[{"embeddable":true,"href":"https:\/\/www.revistarescatados.com.ar\/web\/wp-json\/wp\/v2\/comments?post=2541"}],"version-history":[{"count":1,"href":"https:\/\/www.revistarescatados.com.ar\/web\/wp-json\/wp\/v2\/posts\/2541\/revisions"}],"predecessor-version":[{"id":2544,"href":"https:\/\/www.revistarescatados.com.ar\/web\/wp-json\/wp\/v2\/posts\/2541\/revisions\/2544"}],"wp:featuredmedia":[{"embeddable":true,"href":"https:\/\/www.revistarescatados.com.ar\/web\/wp-json\/wp\/v2\/media\/2543"}],"wp:attachment":[{"href":"https:\/\/www.revistarescatados.com.ar\/web\/wp-json\/wp\/v2\/media?parent=2541"}],"wp:term":[{"taxonomy":"category","embeddable":true,"href":"https:\/\/www.revistarescatados.com.ar\/web\/wp-json\/wp\/v2\/categories?post=2541"},{"taxonomy":"post_tag","embeddable":true,"href":"https:\/\/www.revistarescatados.com.ar\/web\/wp-json\/wp\/v2\/tags?post=2541"}],"curies":[{"name":"wp","href":"https:\/\/api.w.org\/{rel}","templated":true}]}}