{"id":25478,"date":"2026-01-28T23:31:52","date_gmt":"2026-01-29T02:31:52","guid":{"rendered":"https:\/\/www.revistarescatados.com.ar\/web\/?p=25478"},"modified":"2026-01-28T23:31:52","modified_gmt":"2026-01-29T02:31:52","slug":"borla-realiza-gestiones-por-la-ruta-11-y-entrega-equipamiento-a-bomberos-voluntarios","status":"publish","type":"post","link":"https:\/\/www.revistarescatados.com.ar\/web\/2026\/01\/28\/borla-realiza-gestiones-por-la-ruta-11-y-entrega-equipamiento-a-bomberos-voluntarios\/","title":{"rendered":"Borla realiza gestiones por la ruta 11 y entrega equipamiento a bomberos voluntarios"},"content":{"rendered":"<p><strong>El Senador Provincial por el Departamento San Justo, Rodrigo Borla, anunci\u00f3 que ser\u00eda recibido junto a otras autoridades locales y regionales por funcionarios de Vialidad Nacional en la ciudad de Santa Fe. Adem\u00e1s hizo entrega de equipamiento para combatir incendios forestales a cuarteles de Gobernador Crespo y San Justo.<\/strong><\/p>\n<p><img loading=\"lazy\" class=\"aligncenter size-large wp-image-25479\" src=\"http:\/\/www.revistarescatados.com.ar\/web\/wp-content\/uploads\/2026\/01\/pozo-ruta-11-1024x461.jpg\" alt=\"\" width=\"1024\" height=\"461\" srcset=\"https:\/\/www.revistarescatados.com.ar\/web\/wp-content\/uploads\/2026\/01\/pozo-ruta-11-1024x461.jpg 1024w, https:\/\/www.revistarescatados.com.ar\/web\/wp-content\/uploads\/2026\/01\/pozo-ruta-11-300x135.jpg 300w, https:\/\/www.revistarescatados.com.ar\/web\/wp-content\/uploads\/2026\/01\/pozo-ruta-11-768x346.jpg 768w, https:\/\/www.revistarescatados.com.ar\/web\/wp-content\/uploads\/2026\/01\/pozo-ruta-11-1536x691.jpg 1536w, https:\/\/www.revistarescatados.com.ar\/web\/wp-content\/uploads\/2026\/01\/pozo-ruta-11.jpg 1600w\" sizes=\"(max-width: 1024px) 100vw, 1024px\" \/><\/p>\n<p>\u201cPrimero nos reunimos con la mayor\u00eda de los presidentes comunales cuyas localidades est\u00e1n sobre la traza de la ruta 11 y enviamos una carta al administrador del s\u00e9ptimo distrito, que es la provincia de Santa Fe. Lo \u00fanico bueno hasta el momento es que nos han respondido y que nos estar\u00edan recibiendo a mediados de la semana pr\u00f3xima\u201d\u2026, confirm\u00f3 Borla respecto a las gestiones llevadas a cabo.<\/p>\n<p>El Senador por San Justo agreg\u00f3 que en esta oportunidad\u2026\u201cvolvimos a enviarles fotos, videos del estado en el que se encuentra la ruta en sectores puntuales como Gobernador Crespo, Colonia Silva, Marcelino Escalada, Ramay\u00f3n y Videla, entre otras\u201d&#8230; Tambi\u00e9n Rodrigo Borla afirm\u00f3 que se han sumado a este reclamo sus pares de los departamentos La Capital, Vera y Gral. Obligado.<\/p>\n<p>Tras recalcar que la obligaci\u00f3n del mantenimiento y cualquier otro tipo de obra sobre la traza corresponde al gobierno nacional, el legislador radical record\u00f3 que\u2026\u201cpersonalmente desde el a\u00f1o 2009 con la creaci\u00f3n en su momento del Foro por la Autov\u00eda o Autopista es que venimos haciendo reclamos a todos los gobiernos de turnos, indistintamente del signo pol\u00edtico. Hemos hecho pedidos y viajado a reuniones en provincias vecinas por donde pasa la ruta 11 y hemos estado hasta en el congreso de la naci\u00f3n con los legisladores que nos representan\u201d\u2026<\/p>\n<p>Por todo ello que Borla pidi\u00f3 ahora urgentemente ser recibido por los funcionarios de Vialidad Nacional responsables del estado de esta v\u00eda de comunicaci\u00f3n la cual asegur\u00f3 que despu\u00e9s de todas las lluvias de estos \u00faltimos meses\u2026\u201cest\u00e1 detonada, en varios lugares tambi\u00e9n los yuyos superan el metro y medio y la visi\u00f3n se reduce notablemente e incluso hay comunas, como la de Marcelino Escalada, que han salido con sus propios recursos a tapar baches en algunos sectores cercanos al casco urbano\u201d\u2026<\/p>\n<p>\u201cSalen los animales, vos no los pod\u00e9s ver porque est\u00e1 lleno de pasto muy alto, hay lugares donde ya no hay m\u00e1s banquina, aparte que est\u00e1 descalzada la banquina de tierra con la trocha de cemento. Si te pasa algo, se te detiene al auto no pod\u00e9s bajarte. En el caso de Videla, donde est\u00e1n tirando el agua cuando llueve desde la trocha, desde la parte oeste del pueblo hacia el este, porque se inunda la parte oeste, porque hace de ret\u00e9n\u201d\u2026, describi\u00f3 en parte la situaci\u00f3n el Senador Rodrigo Borla.<\/p>\n<h2><strong>EQUIPAMIENTO PARA COMBATIR INCENDIOS FORESTALES<\/strong><\/h2>\n<p>El Senador Provincial Rodrigo Borla hizo entrega en las \u00faltimas horas de importante equipamiento adquirido por el Gobierno Santafesino a las delegaciones de Bomberos Voluntarios de la ciudad de San Justo, cabecera del departamento hom\u00f3nimo y Gobernador Crespo, localidad ubicada hacia el centro norte del territorio.<\/p>\n<p>En este marco, Rodrigo Borla anticip\u00f3 que en el mes de febrero, probablemente a fines del mismo, otra delegaci\u00f3n de Bomberos Voluntarios, en este caso de La Criolla, estar\u00e1 recibiendo por parte del Gobierno Provincial una unidad nueva de ataque r\u00e1pido, una camioneta con todo el equipamiento necesario para la tarea de campo.<\/p>\n<p>El presidente del bloque Unidos en la C\u00e1mara de Senadores destac\u00f3 el compromiso de las autoridades de protecci\u00f3n civil de la Provincia y agradeci\u00f3 a las mismas por esta entrega de equipamiento ya que las delegaciones de San Justo y Gobernador Crespo fueron parte de un total de 37 asociaciones distribuidas en todo el territorio santafecino que se vieron beneficiadas.<\/p>\n<p>En este sentido, vale recordar que los nuevos equipos se adquirieron a trav\u00e9s del Ministerio de Ambiente y Cambio Clim\u00e1tico de la provincia, con fondos de la Agencia Francesa de Desarrollo. Incluye 12 m\u00f3dulos (los denominados Combate 500, que incluyen una motobomba y capacidad de 500 litros) para incendios forestales de 500 litros; 8 motobombas; 30 motosierras; 16 protectores personales para motosierras; 20 sopladoras; 150 mangueras de una pulgada; 100 de una pulgada y media; 5 grupos electr\u00f3genos de 13 KVA; 3 motoguada\u00f1as; 150 cascos; 150 pares de borcegu\u00edes; 150 chaquetas; 150 pantalones; 150 camisas y 150 pares de guantes.<\/p>\n<p>Estos equipos completan el fortalecimiento de las capacidades operativas. La primera etapa se desarroll\u00f3 en octubre, cuando se incorporaron 22 camionetas (12 para el combate de incendios) y equipamiento para brigadistas. La inversi\u00f3n total alcanza los $2.500 millones.<\/p>\n<p>&nbsp;<\/p>\n","protected":false},"excerpt":{"rendered":"<p>El Senador Provincial por el Departamento San Justo, Rodrigo Borla, anunci\u00f3 que ser\u00eda recibido junto a otras autoridades locales y regionales por funcionarios de Vialidad Nacional en la ciudad de Santa Fe.&#46;&#46;&#46;<\/p>\n","protected":false},"author":1,"featured_media":25479,"comment_status":"closed","ping_status":"closed","sticky":false,"template":"","format":"standard","meta":[],"categories":[4,16,10,13,8],"tags":[],"_links":{"self":[{"href":"https:\/\/www.revistarescatados.com.ar\/web\/wp-json\/wp\/v2\/posts\/25478"}],"collection":[{"href":"https:\/\/www.revistarescatados.com.ar\/web\/wp-json\/wp\/v2\/posts"}],"about":[{"href":"https:\/\/www.revistarescatados.com.ar\/web\/wp-json\/wp\/v2\/types\/post"}],"author":[{"embeddable":true,"href":"https:\/\/www.revistarescatados.com.ar\/web\/wp-json\/wp\/v2\/users\/1"}],"replies":[{"embeddable":true,"href":"https:\/\/www.revistarescatados.com.ar\/web\/wp-json\/wp\/v2\/comments?post=25478"}],"version-history":[{"count":1,"href":"https:\/\/www.revistarescatados.com.ar\/web\/wp-json\/wp\/v2\/posts\/25478\/revisions"}],"predecessor-version":[{"id":25480,"href":"https:\/\/www.revistarescatados.com.ar\/web\/wp-json\/wp\/v2\/posts\/25478\/revisions\/25480"}],"wp:featuredmedia":[{"embeddable":true,"href":"https:\/\/www.revistarescatados.com.ar\/web\/wp-json\/wp\/v2\/media\/25479"}],"wp:attachment":[{"href":"https:\/\/www.revistarescatados.com.ar\/web\/wp-json\/wp\/v2\/media?parent=25478"}],"wp:term":[{"taxonomy":"category","embeddable":true,"href":"https:\/\/www.revistarescatados.com.ar\/web\/wp-json\/wp\/v2\/categories?post=25478"},{"taxonomy":"post_tag","embeddable":true,"href":"https:\/\/www.revistarescatados.com.ar\/web\/wp-json\/wp\/v2\/tags?post=25478"}],"curies":[{"name":"wp","href":"https:\/\/api.w.org\/{rel}","templated":true}]}}