{"id":25496,"date":"2026-02-03T02:56:04","date_gmt":"2026-02-03T05:56:04","guid":{"rendered":"https:\/\/www.revistarescatados.com.ar\/web\/?p=25496"},"modified":"2026-02-03T02:56:04","modified_gmt":"2026-02-03T05:56:04","slug":"provincia-ofrece-10-millones-de-recompensa-por-informacion-sobre-el-paradero-de-natalia-ferrero","status":"publish","type":"post","link":"https:\/\/www.revistarescatados.com.ar\/web\/2026\/02\/03\/provincia-ofrece-10-millones-de-recompensa-por-informacion-sobre-el-paradero-de-natalia-ferrero\/","title":{"rendered":"Provincia ofrece 10 millones de recompensa por informaci\u00f3n sobre el paradero de Natalia Ferrero"},"content":{"rendered":"<div><strong>Tiene 28 a\u00f1os y habr\u00eda sido visto por \u00faltima vez el 13 de enero en la ciudad de Reconquista. Tiene tatuado el nombre \u201cValentina\u201d en el brazo derecho y en pecho lado izquierdo los nombres \u201cValentina- Martina\u201d.<\/strong><\/div>\n<div><img loading=\"lazy\" class=\"aligncenter size-full wp-image-25497\" src=\"http:\/\/www.revistarescatados.com.ar\/web\/wp-content\/uploads\/2026\/02\/Natalia-Ferrero.jpg\" alt=\"\" width=\"800\" height=\"450\" srcset=\"https:\/\/www.revistarescatados.com.ar\/web\/wp-content\/uploads\/2026\/02\/Natalia-Ferrero.jpg 800w, https:\/\/www.revistarescatados.com.ar\/web\/wp-content\/uploads\/2026\/02\/Natalia-Ferrero-300x169.jpg 300w, https:\/\/www.revistarescatados.com.ar\/web\/wp-content\/uploads\/2026\/02\/Natalia-Ferrero-768x432.jpg 768w\" sizes=\"(max-width: 800px) 100vw, 800px\" \/><\/div>\n<div><\/div>\n<div>\u00a0 \u00a0El Ministerio de Justicia y Seguridad de la Provincia ha fijado una recompensa de 10 millones de pesos a quienes brinden informaci\u00f3n \u00fatil y comprobable que contribuya a localizar a Natalia Ferrero. El pago de la recompensa quedar\u00e1 sujeto a la evaluaci\u00f3n del m\u00e9rito de la informaci\u00f3n por parte del MPA y de la Direcci\u00f3n Provincial de Protecci\u00f3n de Testigos, pudiendo incluso dividirse el monto si hubiera m\u00e1s de un aportante relevante.<\/div>\n<div><\/div>\n<div>Se solicita la m\u00e1s amplia colaboraci\u00f3n de toda la ciudadan\u00eda a los fines de recabar informaci\u00f3n que aporte a la b\u00fasqueda.<\/div>\n<div><\/div>\n<div>Natalia, quien fue vista por \u00faltima vez el 14 de abril de 2025, tiene tez trigue\u00f1a, ojos marrones, cabellos lacios largos de color oscuro, contextura delgada, 1.65 mts de altura.<\/div>\n<div><\/div>\n<div>Tiene tatuado el nombre \u201cValentina\u201d en el brazo derecho y en pecho lado izquierdo los nombres \u201cValentina- Martina\u201d. Presenta una cicatriz en la pierna izquierda arriba de la rodilla producto de una herida de arma blanca. Usa piercing debajo del labio inferior, en el ombligo y en ambas orejas.<\/div>\n<div><\/div>\n<div>En su b\u00fasqueda interviene la Divisi\u00f3n Paraderos de la PDI- URI y el Dr. Gonzalo Iglesias de la Fiscal\u00eda Regional I.<\/div>\n<div><\/div>\n","protected":false},"excerpt":{"rendered":"<p>Tiene 28 a\u00f1os y habr\u00eda sido visto por \u00faltima vez el 13 de enero en la ciudad de Reconquista. Tiene tatuado el nombre \u201cValentina\u201d en el brazo derecho y en pecho lado&#46;&#46;&#46;<\/p>\n","protected":false},"author":1,"featured_media":25497,"comment_status":"closed","ping_status":"closed","sticky":false,"template":"","format":"standard","meta":[],"categories":[6,16,10,8],"tags":[],"_links":{"self":[{"href":"https:\/\/www.revistarescatados.com.ar\/web\/wp-json\/wp\/v2\/posts\/25496"}],"collection":[{"href":"https:\/\/www.revistarescatados.com.ar\/web\/wp-json\/wp\/v2\/posts"}],"about":[{"href":"https:\/\/www.revistarescatados.com.ar\/web\/wp-json\/wp\/v2\/types\/post"}],"author":[{"embeddable":true,"href":"https:\/\/www.revistarescatados.com.ar\/web\/wp-json\/wp\/v2\/users\/1"}],"replies":[{"embeddable":true,"href":"https:\/\/www.revistarescatados.com.ar\/web\/wp-json\/wp\/v2\/comments?post=25496"}],"version-history":[{"count":1,"href":"https:\/\/www.revistarescatados.com.ar\/web\/wp-json\/wp\/v2\/posts\/25496\/revisions"}],"predecessor-version":[{"id":25498,"href":"https:\/\/www.revistarescatados.com.ar\/web\/wp-json\/wp\/v2\/posts\/25496\/revisions\/25498"}],"wp:featuredmedia":[{"embeddable":true,"href":"https:\/\/www.revistarescatados.com.ar\/web\/wp-json\/wp\/v2\/media\/25497"}],"wp:attachment":[{"href":"https:\/\/www.revistarescatados.com.ar\/web\/wp-json\/wp\/v2\/media?parent=25496"}],"wp:term":[{"taxonomy":"category","embeddable":true,"href":"https:\/\/www.revistarescatados.com.ar\/web\/wp-json\/wp\/v2\/categories?post=25496"},{"taxonomy":"post_tag","embeddable":true,"href":"https:\/\/www.revistarescatados.com.ar\/web\/wp-json\/wp\/v2\/tags?post=25496"}],"curies":[{"name":"wp","href":"https:\/\/api.w.org\/{rel}","templated":true}]}}