{"id":2553,"date":"2018-10-30T19:46:49","date_gmt":"2018-10-30T22:46:49","guid":{"rendered":"http:\/\/www.revistarescatados.com.ar\/web\/?p=2553"},"modified":"2018-10-30T19:46:49","modified_gmt":"2018-10-30T22:46:49","slug":"marcelo-cardonatti-asumio-como-secretario-seccional-de-amsafe-vera","status":"publish","type":"post","link":"https:\/\/www.revistarescatados.com.ar\/web\/2018\/10\/30\/marcelo-cardonatti-asumio-como-secretario-seccional-de-amsafe-vera\/","title":{"rendered":"Marcelo Cardonatti asumi\u00f3 como secretario seccional de AMSAFE Vera"},"content":{"rendered":"<p><img loading=\"lazy\" class=\"aligncenter size-full wp-image-2554\" src=\"http:\/\/www.revistarescatados.com.ar\/web\/wp-content\/uploads\/2018\/10\/Amsafe-Vera.jpg\" alt=\"\" width=\"960\" height=\"636\" srcset=\"https:\/\/www.revistarescatados.com.ar\/web\/wp-content\/uploads\/2018\/10\/Amsafe-Vera.jpg 960w, https:\/\/www.revistarescatados.com.ar\/web\/wp-content\/uploads\/2018\/10\/Amsafe-Vera-300x199.jpg 300w, https:\/\/www.revistarescatados.com.ar\/web\/wp-content\/uploads\/2018\/10\/Amsafe-Vera-768x509.jpg 768w\" sizes=\"(max-width: 960px) 100vw, 960px\" \/><\/p>\n<p><span style=\"color: #0000ff;\"><strong>Por estatuto, el docente de Calchaqu\u00ed se har\u00e1 cargo de la conducci\u00f3n del gremio, tras la muerte de Aldo Pigh\u00edn. La comisi\u00f3n directiva departamental decidi\u00f3 colocar un cuadro del fallecido dirigente en el acceso a su sede gremial.<\/strong><\/span><\/p>\n<p>La CD departamental de Amsafe Vera sesion\u00f3 bajo la advocaci\u00f3n de Aldo Pigh\u00edn.<\/p>\n<p>En tren de volver a la normalidad luego del fallecimiento del secretario seccional, la conducci\u00f3n en pleno se aboc\u00f3 a cumplimentar la parte administrativa, dado que \u201ca pesar del dolor debemos continuar con la misma din\u00e1mica y el respeto a los afiliados que nos ven\u00eda marcando Aldo\u201d, dijo Marcelo Cardonatti, quien asume el cargo de secretario seccional que naturalmente corresponde por estatuto.<\/p>\n<p>Cardonatti pidi\u00f3 \u201cel acompa\u00f1amiento de todos porque el departamento es amplio y ha cobrado un protagonismo que supera lo estrictamente docente, lo que impondr\u00e1 un nuevo rol de los integrantes de esta conducci\u00f3n\u201d.<\/p>\n<p>La representante departamental en la CD provincial, M\u00f3nica Soria, transmiti\u00f3 la solidaridad y el respaldo de la conducci\u00f3n provincial para afrontar esta situaci\u00f3n y los inconvenientes propios del ajuste producto del pacto fiscal firmado por nuestra provincia.<\/p>\n<p>En cuanto a Tesorer\u00eda, Nelcy Suligoy inform\u00f3 que \u201clos n\u00fameros est\u00e1n en orden y las rendiciones aprobadas\u201d.<\/p>\n<p>Haci\u00e9ndose eco de la inquietud de varios compa\u00f1eros, Eva Lacuadra propuso la colocaci\u00f3n de un cuadro del compa\u00f1ero tr\u00e1gicamente desaparecido que, con la inscripci\u00f3n &#8220;ALDO PIGHIN \u00a1Presente! Ahora y siempre!, sea colocado en el ingreso de la delegaci\u00f3n; lo que fue aprobado por unanimidad.<\/p>\n<p>El resto de la reuni\u00f3n discurri\u00f3 entre los temas de concursos -de ajedrez y jornada ampliada- los problemas de la ruralidad y el nivel superior, entre otros.<\/p>\n<p>Finalmente se rubric\u00f3 el acta correspondiente de corrimiento de cargos donde Marcelo Cardonatti asume como delegado seccional y Alfredo Giansily es el primer adjunto.<\/p>\n","protected":false},"excerpt":{"rendered":"<p>Por estatuto, el docente de Calchaqu\u00ed se har\u00e1 cargo de la conducci\u00f3n del gremio, tras la muerte de Aldo Pigh\u00edn. La comisi\u00f3n directiva departamental decidi\u00f3 colocar un cuadro del fallecido dirigente en&#46;&#46;&#46;<\/p>\n","protected":false},"author":1,"featured_media":2554,"comment_status":"closed","ping_status":"open","sticky":false,"template":"","format":"standard","meta":[],"categories":[3,16,15,10],"tags":[],"_links":{"self":[{"href":"https:\/\/www.revistarescatados.com.ar\/web\/wp-json\/wp\/v2\/posts\/2553"}],"collection":[{"href":"https:\/\/www.revistarescatados.com.ar\/web\/wp-json\/wp\/v2\/posts"}],"about":[{"href":"https:\/\/www.revistarescatados.com.ar\/web\/wp-json\/wp\/v2\/types\/post"}],"author":[{"embeddable":true,"href":"https:\/\/www.revistarescatados.com.ar\/web\/wp-json\/wp\/v2\/users\/1"}],"replies":[{"embeddable":true,"href":"https:\/\/www.revistarescatados.com.ar\/web\/wp-json\/wp\/v2\/comments?post=2553"}],"version-history":[{"count":1,"href":"https:\/\/www.revistarescatados.com.ar\/web\/wp-json\/wp\/v2\/posts\/2553\/revisions"}],"predecessor-version":[{"id":2555,"href":"https:\/\/www.revistarescatados.com.ar\/web\/wp-json\/wp\/v2\/posts\/2553\/revisions\/2555"}],"wp:featuredmedia":[{"embeddable":true,"href":"https:\/\/www.revistarescatados.com.ar\/web\/wp-json\/wp\/v2\/media\/2554"}],"wp:attachment":[{"href":"https:\/\/www.revistarescatados.com.ar\/web\/wp-json\/wp\/v2\/media?parent=2553"}],"wp:term":[{"taxonomy":"category","embeddable":true,"href":"https:\/\/www.revistarescatados.com.ar\/web\/wp-json\/wp\/v2\/categories?post=2553"},{"taxonomy":"post_tag","embeddable":true,"href":"https:\/\/www.revistarescatados.com.ar\/web\/wp-json\/wp\/v2\/tags?post=2553"}],"curies":[{"name":"wp","href":"https:\/\/api.w.org\/{rel}","templated":true}]}}