{"id":25531,"date":"2026-02-13T23:04:47","date_gmt":"2026-02-14T02:04:47","guid":{"rendered":"https:\/\/www.revistarescatados.com.ar\/web\/?p=25531"},"modified":"2026-02-13T23:04:47","modified_gmt":"2026-02-14T02:04:47","slug":"rojas-presento-un-proyecto-para-extender-la-suspension-de-desalojos-de-familias-de-la-agricultura-familiar","status":"publish","type":"post","link":"https:\/\/www.revistarescatados.com.ar\/web\/2026\/02\/13\/rojas-presento-un-proyecto-para-extender-la-suspension-de-desalojos-de-familias-de-la-agricultura-familiar\/","title":{"rendered":"Rojas present\u00f3 un proyecto para extender la suspensi\u00f3n de desalojos de familias de la agricultura familiar"},"content":{"rendered":"<p>&nbsp;<\/p>\n<p><strong>Este jueves, en la \u00faltima sesi\u00f3n ordinaria del per\u00edodo extraordinario de la C\u00e1mara de Diputadas y Diputados de Santa Fe, el legislador nortefesino Sergio \u201cChiqui\u201d Rojas un proyecto de ley para prorrogar por tercera vez la vigencia de la Ley Provincial N.\u00ba 13.666.<\/strong><\/p>\n<p><img loading=\"lazy\" class=\"aligncenter size-large wp-image-25532\" src=\"http:\/\/www.revistarescatados.com.ar\/web\/wp-content\/uploads\/2026\/02\/AGRICULTURA-FAMILIAR-1024x682.jpg\" alt=\"\" width=\"1024\" height=\"682\" srcset=\"https:\/\/www.revistarescatados.com.ar\/web\/wp-content\/uploads\/2026\/02\/AGRICULTURA-FAMILIAR-1024x682.jpg 1024w, https:\/\/www.revistarescatados.com.ar\/web\/wp-content\/uploads\/2026\/02\/AGRICULTURA-FAMILIAR-300x200.jpg 300w, https:\/\/www.revistarescatados.com.ar\/web\/wp-content\/uploads\/2026\/02\/AGRICULTURA-FAMILIAR-768x512.jpg 768w, https:\/\/www.revistarescatados.com.ar\/web\/wp-content\/uploads\/2026\/02\/AGRICULTURA-FAMILIAR-1536x1023.jpg 1536w, https:\/\/www.revistarescatados.com.ar\/web\/wp-content\/uploads\/2026\/02\/AGRICULTURA-FAMILIAR.jpg 1600w\" sizes=\"(max-width: 1024px) 100vw, 1024px\" \/><\/p>\n<p>El proyecto de ley propone extender por dos a\u00f1os la vigencia de la Ley 13.666, que suspende los desalojos de familias de la agricultura familiar, campesinas e ind\u00edgenas, en el marco del proceso de regularizaci\u00f3n dominial de las tierras que ocupan y trabajan.<\/p>\n<p>\u201cLa ley fue concebida como una herramienta transitoria para dar tiempo al Estado a avanzar en la regularizaci\u00f3n de situaciones hist\u00f3ricas. Entendemos que todav\u00eda es necesario sostenerla para evitar que familias productoras queden en una situaci\u00f3n de vulnerabilidad jur\u00eddica\u201d, sostuvo Rojas.<br \/>\nEn ese sentido, destac\u00f3 la reciente conformaci\u00f3n de una Mesa de Agricultura Familiar en el \u00e1mbito del Ministerio de Desarrollo Productivo de la provincia, luego de una reuni\u00f3n realizada a fines de diciembre con el secretario de Agricultura y Ganader\u00eda, Ignacio M\u00e1ntaras, y su equipo de trabajo. \u201cEs un paso importante para coordinar pol\u00edticas p\u00fablicas, escuchar al sector y avanzar en soluciones concretas\u201d, se\u00f1al\u00f3 Rojas.<\/p>\n<p><strong>Saludo institucional a las autoridades de la C\u00e1mara Baja <\/strong><br \/>\nEn la Asamblea Preparatoria del 143\u00ba Per\u00edodo Extraordinario, donde se ratific\u00f3 la continuidad de la mesa directiva, el diputado Rojas felicit\u00f3, especialmente a la presidenta Clara Garc\u00eda, y a los vicepresidentes 1\u00ba y 2\u00ba, Jos\u00e9 Corral y Sonia Martorano, y expres\u00f3 su confianza en que \u201cesta nueva etapa permitir\u00e1 seguir fortaleciendo el trabajo parlamentario en beneficio de la provincia de Santa Fe\u201d.<\/p>\n<p>&nbsp;<\/p>\n","protected":false},"excerpt":{"rendered":"<p>&nbsp; Este jueves, en la \u00faltima sesi\u00f3n ordinaria del per\u00edodo extraordinario de la C\u00e1mara de Diputadas y Diputados de Santa Fe, el legislador nortefesino Sergio \u201cChiqui\u201d Rojas un proyecto de ley para&#46;&#46;&#46;<\/p>\n","protected":false},"author":1,"featured_media":25532,"comment_status":"closed","ping_status":"closed","sticky":false,"template":"","format":"standard","meta":[],"categories":[6,3,16,13,8],"tags":[],"_links":{"self":[{"href":"https:\/\/www.revistarescatados.com.ar\/web\/wp-json\/wp\/v2\/posts\/25531"}],"collection":[{"href":"https:\/\/www.revistarescatados.com.ar\/web\/wp-json\/wp\/v2\/posts"}],"about":[{"href":"https:\/\/www.revistarescatados.com.ar\/web\/wp-json\/wp\/v2\/types\/post"}],"author":[{"embeddable":true,"href":"https:\/\/www.revistarescatados.com.ar\/web\/wp-json\/wp\/v2\/users\/1"}],"replies":[{"embeddable":true,"href":"https:\/\/www.revistarescatados.com.ar\/web\/wp-json\/wp\/v2\/comments?post=25531"}],"version-history":[{"count":1,"href":"https:\/\/www.revistarescatados.com.ar\/web\/wp-json\/wp\/v2\/posts\/25531\/revisions"}],"predecessor-version":[{"id":25533,"href":"https:\/\/www.revistarescatados.com.ar\/web\/wp-json\/wp\/v2\/posts\/25531\/revisions\/25533"}],"wp:featuredmedia":[{"embeddable":true,"href":"https:\/\/www.revistarescatados.com.ar\/web\/wp-json\/wp\/v2\/media\/25532"}],"wp:attachment":[{"href":"https:\/\/www.revistarescatados.com.ar\/web\/wp-json\/wp\/v2\/media?parent=25531"}],"wp:term":[{"taxonomy":"category","embeddable":true,"href":"https:\/\/www.revistarescatados.com.ar\/web\/wp-json\/wp\/v2\/categories?post=25531"},{"taxonomy":"post_tag","embeddable":true,"href":"https:\/\/www.revistarescatados.com.ar\/web\/wp-json\/wp\/v2\/tags?post=25531"}],"curies":[{"name":"wp","href":"https:\/\/api.w.org\/{rel}","templated":true}]}}