{"id":2556,"date":"2018-10-30T19:56:27","date_gmt":"2018-10-30T22:56:27","guid":{"rendered":"http:\/\/www.revistarescatados.com.ar\/web\/?p=2556"},"modified":"2018-10-30T19:56:27","modified_gmt":"2018-10-30T22:56:27","slug":"plan-del-norte-inicia-la-reactivacion-del-centro-operativo-forestal-de-santa-felicia","status":"publish","type":"post","link":"https:\/\/www.revistarescatados.com.ar\/web\/2018\/10\/30\/plan-del-norte-inicia-la-reactivacion-del-centro-operativo-forestal-de-santa-felicia\/","title":{"rendered":"PLAN DEL NORTE: INICIA LA REACTIVACI\u00d3N DEL CENTRO OPERATIVO FORESTAL DE SANTA FELICIA"},"content":{"rendered":"<p><img loading=\"lazy\" class=\"aligncenter size-full wp-image-2557\" src=\"http:\/\/www.revistarescatados.com.ar\/web\/wp-content\/uploads\/2018\/10\/santa-felicia-1.jpg\" alt=\"\" width=\"865\" height=\"577\" srcset=\"https:\/\/www.revistarescatados.com.ar\/web\/wp-content\/uploads\/2018\/10\/santa-felicia-1.jpg 865w, https:\/\/www.revistarescatados.com.ar\/web\/wp-content\/uploads\/2018\/10\/santa-felicia-1-300x200.jpg 300w, https:\/\/www.revistarescatados.com.ar\/web\/wp-content\/uploads\/2018\/10\/santa-felicia-1-768x512.jpg 768w\" sizes=\"(max-width: 865px) 100vw, 865px\" \/><\/p>\n<p><span style=\"color: #0000ff;\"><strong>Funcionarios de diferentes \u00e1reas del gobierno provincial se reunieron para establecer pr\u00f3ximas acciones con el objetivo de lograr el reposicionamiento y puesta en valor del sitio en materia de bosques.<\/strong><\/span><\/p>\n<p>\u201cAntes de fin de a\u00f1o comienza la recuperaci\u00f3n integral del Centro Operativo Forestal de Santa Felicia. Empezaremos concretamente por los caminos internos, los cuales estuvimos recorriendo con el administrador provincial de Vialidad, Pablo Seghezzo\u201d, inici\u00f3 diciendo Sergio Rojas.<\/p>\n<p>El mandatario explic\u00f3 que la idea es que el lugar vuelva a tener vida y logre abrirse a la comunidad con un proyecto transversal. Esta reactivaci\u00f3n es uno de los m\u00e1s programas m\u00e1s significativos y simb\u00f3licos de los que est\u00e1n incluidos en el Plan del Norte\u201d.<\/p>\n<p>Asimismo, el coordinador expres\u00f3 que \u201crecorrimos las instalaciones y dialogamos sobre acciones concretas que se efectuar\u00e1n en el corto plazo, siempre con una visi\u00f3n general que abarca m\u00faltiples aspectos, de cara a la puesta en valor del predio a nivel social. Cabe recordar que, desde hace unos meses, ya vienen realiz\u00e1ndose los cursos del programa provincial Nueva Oportunidad en Carpinter\u00eda, Huerta y Vivero, lo cual implic\u00f3 un v\u00ednculo diferente con la ciudadan\u00eda\u201d.<\/p>\n<p>Por \u00faltimo, Rojas asegur\u00f3 que \u201cse articula constantemente con la Unidad Penitenciaria N\u00b0 10 y la Direcci\u00f3n de Seguridad Rural Los Pumas, puesto el predio es extenso y el trabajo en red entre instituciones es fundamental en este proceso de reposicionamiento\u201d.<\/p>\n<p><span style=\"color: #0000ff;\"><strong>PRESENTES<\/strong><\/span><\/p>\n<p>Del encuentro formaron parte el coordinador del Plan del Norte, Sergio Rojas; el secretario provincial de Agricultura, Juan Manuel Medina; la subsecretaria de Agricultura, Lorena Fortonani; la responsable del Centro Operativo, Marcela Candiotti, el Jefe de Zona VIII de Vialidad Provincial, Luis Tallarico; y empleados de la E.P.E. Agencia Vera.<\/p>\n","protected":false},"excerpt":{"rendered":"<p>Funcionarios de diferentes \u00e1reas del gobierno provincial se reunieron para establecer pr\u00f3ximas acciones con el objetivo de lograr el reposicionamiento y puesta en valor del sitio en materia de bosques. \u201cAntes de&#46;&#46;&#46;<\/p>\n","protected":false},"author":1,"featured_media":2557,"comment_status":"closed","ping_status":"open","sticky":false,"template":"","format":"standard","meta":[],"categories":[3,10,14,8],"tags":[],"_links":{"self":[{"href":"https:\/\/www.revistarescatados.com.ar\/web\/wp-json\/wp\/v2\/posts\/2556"}],"collection":[{"href":"https:\/\/www.revistarescatados.com.ar\/web\/wp-json\/wp\/v2\/posts"}],"about":[{"href":"https:\/\/www.revistarescatados.com.ar\/web\/wp-json\/wp\/v2\/types\/post"}],"author":[{"embeddable":true,"href":"https:\/\/www.revistarescatados.com.ar\/web\/wp-json\/wp\/v2\/users\/1"}],"replies":[{"embeddable":true,"href":"https:\/\/www.revistarescatados.com.ar\/web\/wp-json\/wp\/v2\/comments?post=2556"}],"version-history":[{"count":1,"href":"https:\/\/www.revistarescatados.com.ar\/web\/wp-json\/wp\/v2\/posts\/2556\/revisions"}],"predecessor-version":[{"id":2558,"href":"https:\/\/www.revistarescatados.com.ar\/web\/wp-json\/wp\/v2\/posts\/2556\/revisions\/2558"}],"wp:featuredmedia":[{"embeddable":true,"href":"https:\/\/www.revistarescatados.com.ar\/web\/wp-json\/wp\/v2\/media\/2557"}],"wp:attachment":[{"href":"https:\/\/www.revistarescatados.com.ar\/web\/wp-json\/wp\/v2\/media?parent=2556"}],"wp:term":[{"taxonomy":"category","embeddable":true,"href":"https:\/\/www.revistarescatados.com.ar\/web\/wp-json\/wp\/v2\/categories?post=2556"},{"taxonomy":"post_tag","embeddable":true,"href":"https:\/\/www.revistarescatados.com.ar\/web\/wp-json\/wp\/v2\/tags?post=2556"}],"curies":[{"name":"wp","href":"https:\/\/api.w.org\/{rel}","templated":true}]}}