{"id":2559,"date":"2018-10-31T13:17:22","date_gmt":"2018-10-31T16:17:22","guid":{"rendered":"http:\/\/www.revistarescatados.com.ar\/web\/?p=2559"},"modified":"2018-10-31T13:17:22","modified_gmt":"2018-10-31T16:17:22","slug":"la-provincia-atiende-la-emergencia-en-colonia-teresa","status":"publish","type":"post","link":"https:\/\/www.revistarescatados.com.ar\/web\/2018\/10\/31\/la-provincia-atiende-la-emergencia-en-colonia-teresa\/","title":{"rendered":"La provincia atiende la emergencia en Colonia Teresa"},"content":{"rendered":"<p><img loading=\"lazy\" class=\"aligncenter size-full wp-image-2560\" src=\"http:\/\/www.revistarescatados.com.ar\/web\/wp-content\/uploads\/2018\/10\/temporal-en-colonia-teresa.jpg\" alt=\"\" width=\"1140\" height=\"640\" srcset=\"https:\/\/www.revistarescatados.com.ar\/web\/wp-content\/uploads\/2018\/10\/temporal-en-colonia-teresa.jpg 1140w, https:\/\/www.revistarescatados.com.ar\/web\/wp-content\/uploads\/2018\/10\/temporal-en-colonia-teresa-300x168.jpg 300w, https:\/\/www.revistarescatados.com.ar\/web\/wp-content\/uploads\/2018\/10\/temporal-en-colonia-teresa-768x431.jpg 768w, https:\/\/www.revistarescatados.com.ar\/web\/wp-content\/uploads\/2018\/10\/temporal-en-colonia-teresa-1024x575.jpg 1024w\" sizes=\"(max-width: 1140px) 100vw, 1140px\" \/><\/p>\n<p><strong><span style=\"color: #0000ff;\">Funcionarios del Ministerio de Desarrollo Social de la provincia y de de Protecci\u00f3n Civil coordinan las tareas en la localidad del departamento San Javier que se viera afectada por un fuerte temporal de viento y lluvia.<\/span><\/strong><\/p>\n<p>Luego del fen\u00f3meno meteorol\u00f3gico ocurrido en la noche de este martes en Colonia Teresa (departamento San Javier), funcionarios del Ministerio de Desarrollo Social de la provincia y de la secretar\u00eda de Protecci\u00f3n Civil arribaron a la localidad para coordinar las tareas.<\/p>\n<p>Seg\u00fan se inform\u00f3 desde la comuna, 40 personas fueron autoevacuadas durante la noche y alojadas temporalmente en casa de familiares. Muchas de ellas retornaron a sus hogares en las primeras horas de la ma\u00f1ana.<\/p>\n<p>En cuanto a da\u00f1os materiales, 22 viviendas fueron afectadas por voladura de techo y\/o paredes y mamposter\u00eda ca\u00edda, tal es el caso de la capilla Evangelista y el port\u00f3n de ingreso al centro de salud. Respecto de la situaci\u00f3n el\u00e9ctrica, operarios de la Empresa Provincial de la Energ\u00eda (EPE) se encuentran abocados a solucionar los inconvenientes que persisten.<\/p>\n<p><span style=\"color: #0000ff;\"><strong>VILLA OCAMPO Y LAS TOSCAS<\/strong><\/span><br \/>\nDesde Protecci\u00f3n Civil se inform\u00f3 tambi\u00e9n que en la ciudad de Villa Ocampo (departamento General Obligado) 20 viviendas del barrio Santa Luc\u00eda fueron afectadas.<\/p>\n<p>Asimismo, en Las Toscas (departamento General Obligado) hubo gran cantidad de \u00e1rboles y postes ca\u00eddos que se suman a varias unidades habitacionales precarias que padecieron voladura de techo.<\/p>\n<p>En ambos casos, el Ministerio de Desarrollo Social coordina las tareas de colaboraci\u00f3n.<\/p>\n","protected":false},"excerpt":{"rendered":"<p>Funcionarios del Ministerio de Desarrollo Social de la provincia y de de Protecci\u00f3n Civil coordinan las tareas en la localidad del departamento San Javier que se viera afectada por un fuerte temporal&#46;&#46;&#46;<\/p>\n","protected":false},"author":1,"featured_media":2560,"comment_status":"closed","ping_status":"open","sticky":false,"template":"","format":"standard","meta":[],"categories":[5,14,8],"tags":[],"_links":{"self":[{"href":"https:\/\/www.revistarescatados.com.ar\/web\/wp-json\/wp\/v2\/posts\/2559"}],"collection":[{"href":"https:\/\/www.revistarescatados.com.ar\/web\/wp-json\/wp\/v2\/posts"}],"about":[{"href":"https:\/\/www.revistarescatados.com.ar\/web\/wp-json\/wp\/v2\/types\/post"}],"author":[{"embeddable":true,"href":"https:\/\/www.revistarescatados.com.ar\/web\/wp-json\/wp\/v2\/users\/1"}],"replies":[{"embeddable":true,"href":"https:\/\/www.revistarescatados.com.ar\/web\/wp-json\/wp\/v2\/comments?post=2559"}],"version-history":[{"count":1,"href":"https:\/\/www.revistarescatados.com.ar\/web\/wp-json\/wp\/v2\/posts\/2559\/revisions"}],"predecessor-version":[{"id":2561,"href":"https:\/\/www.revistarescatados.com.ar\/web\/wp-json\/wp\/v2\/posts\/2559\/revisions\/2561"}],"wp:featuredmedia":[{"embeddable":true,"href":"https:\/\/www.revistarescatados.com.ar\/web\/wp-json\/wp\/v2\/media\/2560"}],"wp:attachment":[{"href":"https:\/\/www.revistarescatados.com.ar\/web\/wp-json\/wp\/v2\/media?parent=2559"}],"wp:term":[{"taxonomy":"category","embeddable":true,"href":"https:\/\/www.revistarescatados.com.ar\/web\/wp-json\/wp\/v2\/categories?post=2559"},{"taxonomy":"post_tag","embeddable":true,"href":"https:\/\/www.revistarescatados.com.ar\/web\/wp-json\/wp\/v2\/tags?post=2559"}],"curies":[{"name":"wp","href":"https:\/\/api.w.org\/{rel}","templated":true}]}}