{"id":2565,"date":"2018-10-31T13:26:17","date_gmt":"2018-10-31T16:26:17","guid":{"rendered":"http:\/\/www.revistarescatados.com.ar\/web\/?p=2565"},"modified":"2018-10-31T13:26:17","modified_gmt":"2018-10-31T16:26:17","slug":"taller-municipal-de-costura-gratuito","status":"publish","type":"post","link":"https:\/\/www.revistarescatados.com.ar\/web\/2018\/10\/31\/taller-municipal-de-costura-gratuito\/","title":{"rendered":"Taller municipal de costura gratuito"},"content":{"rendered":"<p><img loading=\"lazy\" class=\"aligncenter size-full wp-image-2566\" src=\"http:\/\/www.revistarescatados.com.ar\/web\/wp-content\/uploads\/2018\/10\/costura.jpg\" alt=\"\" width=\"600\" height=\"607\" srcset=\"https:\/\/www.revistarescatados.com.ar\/web\/wp-content\/uploads\/2018\/10\/costura.jpg 600w, https:\/\/www.revistarescatados.com.ar\/web\/wp-content\/uploads\/2018\/10\/costura-297x300.jpg 297w\" sizes=\"(max-width: 600px) 100vw, 600px\" \/><\/p>\n<p><span style=\"color: #0000ff;\"><strong>Los mi\u00e9rcoles de 14 a 17hs, est\u00e1 funcionando el costurero municipal en la UDeS de San Mart\u00edn (pronto va a empezar en el CIC tambi\u00e9n).<\/strong><\/span><\/p>\n<p>Quienes quieran sumarse, pueden concurrir a la UDeS &#8220;B&#8221; de San Mart\u00edn a anotarse, en Roque S\u00e1enz Pe\u00f1a y Alfonsina Storni.<\/p>\n<p>Las m\u00e1quinas de coser fueron adquiridas por el municipio y el taller es gratuito.<\/p>\n","protected":false},"excerpt":{"rendered":"<p>Los mi\u00e9rcoles de 14 a 17hs, est\u00e1 funcionando el costurero municipal en la UDeS de San Mart\u00edn (pronto va a empezar en el CIC tambi\u00e9n). Quienes quieran sumarse, pueden concurrir a la&#46;&#46;&#46;<\/p>\n","protected":false},"author":1,"featured_media":2566,"comment_status":"closed","ping_status":"open","sticky":false,"template":"","format":"standard","meta":[],"categories":[2,3,8],"tags":[],"_links":{"self":[{"href":"https:\/\/www.revistarescatados.com.ar\/web\/wp-json\/wp\/v2\/posts\/2565"}],"collection":[{"href":"https:\/\/www.revistarescatados.com.ar\/web\/wp-json\/wp\/v2\/posts"}],"about":[{"href":"https:\/\/www.revistarescatados.com.ar\/web\/wp-json\/wp\/v2\/types\/post"}],"author":[{"embeddable":true,"href":"https:\/\/www.revistarescatados.com.ar\/web\/wp-json\/wp\/v2\/users\/1"}],"replies":[{"embeddable":true,"href":"https:\/\/www.revistarescatados.com.ar\/web\/wp-json\/wp\/v2\/comments?post=2565"}],"version-history":[{"count":1,"href":"https:\/\/www.revistarescatados.com.ar\/web\/wp-json\/wp\/v2\/posts\/2565\/revisions"}],"predecessor-version":[{"id":2567,"href":"https:\/\/www.revistarescatados.com.ar\/web\/wp-json\/wp\/v2\/posts\/2565\/revisions\/2567"}],"wp:featuredmedia":[{"embeddable":true,"href":"https:\/\/www.revistarescatados.com.ar\/web\/wp-json\/wp\/v2\/media\/2566"}],"wp:attachment":[{"href":"https:\/\/www.revistarescatados.com.ar\/web\/wp-json\/wp\/v2\/media?parent=2565"}],"wp:term":[{"taxonomy":"category","embeddable":true,"href":"https:\/\/www.revistarescatados.com.ar\/web\/wp-json\/wp\/v2\/categories?post=2565"},{"taxonomy":"post_tag","embeddable":true,"href":"https:\/\/www.revistarescatados.com.ar\/web\/wp-json\/wp\/v2\/tags?post=2565"}],"curies":[{"name":"wp","href":"https:\/\/api.w.org\/{rel}","templated":true}]}}