{"id":25899,"date":"2026-04-28T18:13:03","date_gmt":"2026-04-28T21:13:03","guid":{"rendered":"https:\/\/www.revistarescatados.com.ar\/web\/?p=25899"},"modified":"2026-04-28T18:13:03","modified_gmt":"2026-04-28T21:13:03","slug":"autoridades-e-instituciones-articulan-acciones-ante-la-emergencia-hidrica-del-departamento-vera","status":"publish","type":"post","link":"https:\/\/www.revistarescatados.com.ar\/web\/2026\/04\/28\/autoridades-e-instituciones-articulan-acciones-ante-la-emergencia-hidrica-del-departamento-vera\/","title":{"rendered":"Autoridades e instituciones articulan acciones ante la emergencia h\u00eddrica del departamento Vera"},"content":{"rendered":"<p>&nbsp;<\/p>\n<p><strong>Este lunes se reunieron en la ciudad de Vera funcionarios provinciales, legisladores, intendentes y presidentes comunales, concejales y organizaciones del sector productivo para articular medidas de asistencia frente a la emergencia h\u00eddrica que atraviesan los departamentos Vera, 9 de Julio y General Obligado.<\/strong><\/p>\n<p><img loading=\"lazy\" class=\"aligncenter size-full wp-image-25900\" src=\"http:\/\/www.revistarescatados.com.ar\/web\/wp-content\/uploads\/2026\/04\/Rojas-emergencia-hidrica-1.jpg\" alt=\"\" width=\"992\" height=\"776\" srcset=\"https:\/\/www.revistarescatados.com.ar\/web\/wp-content\/uploads\/2026\/04\/Rojas-emergencia-hidrica-1.jpg 992w, https:\/\/www.revistarescatados.com.ar\/web\/wp-content\/uploads\/2026\/04\/Rojas-emergencia-hidrica-1-300x235.jpg 300w, https:\/\/www.revistarescatados.com.ar\/web\/wp-content\/uploads\/2026\/04\/Rojas-emergencia-hidrica-1-768x601.jpg 768w\" sizes=\"(max-width: 992px) 100vw, 992px\" \/><\/p>\n<p>Del encuentro participaron el diputado provincial Sergio &#8220;Chiqui&#8221; Rojas, el senador Osvaldo Sosa, el director de Protecci\u00f3n Civil Marcos Escajadillo, e Ignacio Mantaras del Ministerio de Desarrollo Productivo. Tambi\u00e9n estuvieron representantes del Nodo de Salud, Vialidad Provincial, junto a la Sociedad Rural de Vera, CORENOSA, UOCB, la Asociaci\u00f3n de Peque\u00f1os Productores de la Cu\u00f1a Boscosa, el INTA y FUNDAPAZ, entre otros.<\/p>\n<p>Rojas se\u00f1al\u00f3 que \u201cla reuni\u00f3n fue positiva, es fundamental que todos contemos con la misma informaci\u00f3n para poder coordinar de manera m\u00e1s eficiente las medidas y acciones que se toman, especialmente teniendo en cuenta que los pron\u00f3sticos dan cuenta que los pr\u00f3ximos meses pueden ocurrir situaciones similares.\u201d<br \/>\nEntre las medidas que ya se tomaron y las que est\u00e1n en evaluaci\u00f3n se encuentran la habilitaci\u00f3n de certificados de tr\u00e1nsito provisorios, la creaci\u00f3n de un registro de campo y alimento, y l\u00edneas de cr\u00e9dito para productores de los departamentos afectados.<\/p>\n<p>Por otra parte, remarc\u00f3 la importancia de que en la reuni\u00f3n estuvieran presentes las organizaciones de peque\u00f1os productores y familias campesinas: &#8220;Me parece muy importante que hayan participado porque representan otro universo de productores: son las familias que permanecen m\u00e1s aisladas, generalmente las m\u00e1s alejadas de los pueblos y parajes, y hay que poder escucharlas para ver cu\u00e1l es la asistencia que necesitan&#8221;.<\/p>\n<p>En este sentido, Rojas subray\u00f3 adem\u00e1s la necesidad de atender la asistencia social de las familias que no pueden salir a trabajar, as\u00ed como garantizar el acceso a la salud y la educaci\u00f3n en los parajes m\u00e1s comprometidos.<br \/>\nFinalmente, el diputado destac\u00f3 la respuesta de la provincia, as\u00ed como el trabajo desplegado en el territorio a trav\u00e9s de Protecci\u00f3n Civil y de los cuerpos de bomberos de la regi\u00f3n, particularmente los bomberos zapadores de Vera, que est\u00e1n actuando en la emergencia.<\/p>\n","protected":false},"excerpt":{"rendered":"<p>&nbsp; Este lunes se reunieron en la ciudad de Vera funcionarios provinciales, legisladores, intendentes y presidentes comunales, concejales y organizaciones del sector productivo para articular medidas de asistencia frente a la emergencia&#46;&#46;&#46;<\/p>\n","protected":false},"author":1,"featured_media":25900,"comment_status":"closed","ping_status":"closed","sticky":false,"template":"","format":"standard","meta":[],"categories":[3,16,10,14,8],"tags":[],"_links":{"self":[{"href":"https:\/\/www.revistarescatados.com.ar\/web\/wp-json\/wp\/v2\/posts\/25899"}],"collection":[{"href":"https:\/\/www.revistarescatados.com.ar\/web\/wp-json\/wp\/v2\/posts"}],"about":[{"href":"https:\/\/www.revistarescatados.com.ar\/web\/wp-json\/wp\/v2\/types\/post"}],"author":[{"embeddable":true,"href":"https:\/\/www.revistarescatados.com.ar\/web\/wp-json\/wp\/v2\/users\/1"}],"replies":[{"embeddable":true,"href":"https:\/\/www.revistarescatados.com.ar\/web\/wp-json\/wp\/v2\/comments?post=25899"}],"version-history":[{"count":1,"href":"https:\/\/www.revistarescatados.com.ar\/web\/wp-json\/wp\/v2\/posts\/25899\/revisions"}],"predecessor-version":[{"id":25901,"href":"https:\/\/www.revistarescatados.com.ar\/web\/wp-json\/wp\/v2\/posts\/25899\/revisions\/25901"}],"wp:featuredmedia":[{"embeddable":true,"href":"https:\/\/www.revistarescatados.com.ar\/web\/wp-json\/wp\/v2\/media\/25900"}],"wp:attachment":[{"href":"https:\/\/www.revistarescatados.com.ar\/web\/wp-json\/wp\/v2\/media?parent=25899"}],"wp:term":[{"taxonomy":"category","embeddable":true,"href":"https:\/\/www.revistarescatados.com.ar\/web\/wp-json\/wp\/v2\/categories?post=25899"},{"taxonomy":"post_tag","embeddable":true,"href":"https:\/\/www.revistarescatados.com.ar\/web\/wp-json\/wp\/v2\/tags?post=25899"}],"curies":[{"name":"wp","href":"https:\/\/api.w.org\/{rel}","templated":true}]}}