{"id":25902,"date":"2026-04-28T18:30:32","date_gmt":"2026-04-28T21:30:32","guid":{"rendered":"https:\/\/www.revistarescatados.com.ar\/web\/?p=25902"},"modified":"2026-04-28T18:30:32","modified_gmt":"2026-04-28T21:30:32","slug":"siete-instituciones-de-calchaqui-recibieron-subsidios-gestionados-por-el-senador-provincial-osvaldo-sosa","status":"publish","type":"post","link":"https:\/\/www.revistarescatados.com.ar\/web\/2026\/04\/28\/siete-instituciones-de-calchaqui-recibieron-subsidios-gestionados-por-el-senador-provincial-osvaldo-sosa\/","title":{"rendered":"Siete instituciones de Calchaqu\u00ed recibieron subsidios gestionados por el senador provincial Osvaldo Sosa"},"content":{"rendered":"<p><strong>Cinco escuelas, la biblioteca popular y una iglesia de la comunidad aborigen recibieron los aportes de fortalecimiento de la C\u00e1mara de Senadores. Los aportes est\u00e1n destinados a proyectos institucionales, insumos, refacciones, mobiliarios y equipamientos.<\/strong><\/p>\n<p><img loading=\"lazy\" class=\"aligncenter size-large wp-image-25903\" src=\"http:\/\/www.revistarescatados.com.ar\/web\/wp-content\/uploads\/2026\/04\/Aportes-institucionales-Sosa-1024x483.jpg\" alt=\"\" width=\"1024\" height=\"483\" srcset=\"https:\/\/www.revistarescatados.com.ar\/web\/wp-content\/uploads\/2026\/04\/Aportes-institucionales-Sosa-1024x483.jpg 1024w, https:\/\/www.revistarescatados.com.ar\/web\/wp-content\/uploads\/2026\/04\/Aportes-institucionales-Sosa-300x141.jpg 300w, https:\/\/www.revistarescatados.com.ar\/web\/wp-content\/uploads\/2026\/04\/Aportes-institucionales-Sosa-768x362.jpg 768w, https:\/\/www.revistarescatados.com.ar\/web\/wp-content\/uploads\/2026\/04\/Aportes-institucionales-Sosa-1536x724.jpg 1536w, https:\/\/www.revistarescatados.com.ar\/web\/wp-content\/uploads\/2026\/04\/Aportes-institucionales-Sosa-520x245.jpg 520w, https:\/\/www.revistarescatados.com.ar\/web\/wp-content\/uploads\/2026\/04\/Aportes-institucionales-Sosa-720x340.jpg 720w, https:\/\/www.revistarescatados.com.ar\/web\/wp-content\/uploads\/2026\/04\/Aportes-institucionales-Sosa.jpg 1835w\" sizes=\"(max-width: 1024px) 100vw, 1024px\" \/><\/p>\n<p>Este martes 28 de abril, en la sede municipal se llevo a cabo el acto de entrega de fondos no reintegrables gestionados ante la C\u00e1mara de Senadores de Santa Fe.<\/p>\n<p>El acto fue presidido por el senador Osvaldo Sosa, junto al intendente Rub\u00e9n Cuello, quien dio la bienvenida a los referentes institucionales y destac\u00f3 la importancia de los subsidios.<\/p>\n<p>El senador se refiri\u00f3 a la reuni\u00f3n que se realiz\u00f3 ayer en Vera y los alcances de la emergencia h\u00eddrica en el departamento. Asimismo se refiri\u00f3 a un proyecto interinstitucional con las comunidades de fe cristiana e iglesias para tratar la ayuda preventiva ante los suicidios en el territorio.<\/p>\n<p><strong>Instituciones beneficiadas:<\/strong><\/p>\n<p>ESCUELA DE EDUCACI\u00d3N T\u00c9CNICA N# 642<\/p>\n<p>\ufe0fESCUELA 1378 SAN CAYETANO<\/p>\n<p>JARDIN DE INFANTES 8060 &#8220;GABRIELA MISTRAL&#8221;<\/p>\n<p>ESCUELA RURAL 457 &#8220;CAMPO BARONI&#8221;<\/p>\n<p>\ufe0fESCUELA TALLER DE EDUCACI\u00d3N MANUAL 3067<\/p>\n<p>\ufe0fBIBLIOTECA POPULAR &#8220;ANGEL JOSE MEDINA&#8221;<\/p>\n<p>\ufe0fIGLESIA &#8220;TRONO DE DIOS&#8221; (COMUNIDAD ABORIGEN)<\/p>\n","protected":false},"excerpt":{"rendered":"<p>Cinco escuelas, la biblioteca popular y una iglesia de la comunidad aborigen recibieron los aportes de fortalecimiento de la C\u00e1mara de Senadores. Los aportes est\u00e1n destinados a proyectos institucionales, insumos, refacciones, mobiliarios&#46;&#46;&#46;<\/p>\n","protected":false},"author":1,"featured_media":25903,"comment_status":"closed","ping_status":"closed","sticky":false,"template":"","format":"standard","meta":[],"categories":[2,3,16,15,8],"tags":[],"_links":{"self":[{"href":"https:\/\/www.revistarescatados.com.ar\/web\/wp-json\/wp\/v2\/posts\/25902"}],"collection":[{"href":"https:\/\/www.revistarescatados.com.ar\/web\/wp-json\/wp\/v2\/posts"}],"about":[{"href":"https:\/\/www.revistarescatados.com.ar\/web\/wp-json\/wp\/v2\/types\/post"}],"author":[{"embeddable":true,"href":"https:\/\/www.revistarescatados.com.ar\/web\/wp-json\/wp\/v2\/users\/1"}],"replies":[{"embeddable":true,"href":"https:\/\/www.revistarescatados.com.ar\/web\/wp-json\/wp\/v2\/comments?post=25902"}],"version-history":[{"count":1,"href":"https:\/\/www.revistarescatados.com.ar\/web\/wp-json\/wp\/v2\/posts\/25902\/revisions"}],"predecessor-version":[{"id":25904,"href":"https:\/\/www.revistarescatados.com.ar\/web\/wp-json\/wp\/v2\/posts\/25902\/revisions\/25904"}],"wp:featuredmedia":[{"embeddable":true,"href":"https:\/\/www.revistarescatados.com.ar\/web\/wp-json\/wp\/v2\/media\/25903"}],"wp:attachment":[{"href":"https:\/\/www.revistarescatados.com.ar\/web\/wp-json\/wp\/v2\/media?parent=25902"}],"wp:term":[{"taxonomy":"category","embeddable":true,"href":"https:\/\/www.revistarescatados.com.ar\/web\/wp-json\/wp\/v2\/categories?post=25902"},{"taxonomy":"post_tag","embeddable":true,"href":"https:\/\/www.revistarescatados.com.ar\/web\/wp-json\/wp\/v2\/tags?post=25902"}],"curies":[{"name":"wp","href":"https:\/\/api.w.org\/{rel}","templated":true}]}}