{"id":25905,"date":"2026-04-28T18:38:20","date_gmt":"2026-04-28T21:38:20","guid":{"rendered":"https:\/\/www.revistarescatados.com.ar\/web\/?p=25905"},"modified":"2026-04-28T18:38:20","modified_gmt":"2026-04-28T21:38:20","slug":"emergencia-hidrica-provincia-refuerza-y-da-continuidad-a-las-acciones-en-el-norte-santafesino","status":"publish","type":"post","link":"https:\/\/www.revistarescatados.com.ar\/web\/2026\/04\/28\/emergencia-hidrica-provincia-refuerza-y-da-continuidad-a-las-acciones-en-el-norte-santafesino\/","title":{"rendered":"Emergencia h\u00eddrica: Provincia refuerza y da continuidad a las acciones en el norte santafesino"},"content":{"rendered":"<p>&nbsp;<\/p>\n<p><strong>En Vera y Reconquista, equipos provinciales y autoridades locales evaluaron la situaci\u00f3n territorial, profundizaron medidas de prevenci\u00f3n y definieron nuevas acciones para fortalecer la respuesta ante eventos clim\u00e1ticos.<\/strong><\/p>\n<p><img loading=\"lazy\" class=\"aligncenter size-large wp-image-25906\" src=\"http:\/\/www.revistarescatados.com.ar\/web\/wp-content\/uploads\/2026\/04\/Reunion-x-Emergencia-hidrica-1024x768.jpg\" alt=\"\" width=\"1024\" height=\"768\" srcset=\"https:\/\/www.revistarescatados.com.ar\/web\/wp-content\/uploads\/2026\/04\/Reunion-x-Emergencia-hidrica-1024x768.jpg 1024w, https:\/\/www.revistarescatados.com.ar\/web\/wp-content\/uploads\/2026\/04\/Reunion-x-Emergencia-hidrica-300x225.jpg 300w, https:\/\/www.revistarescatados.com.ar\/web\/wp-content\/uploads\/2026\/04\/Reunion-x-Emergencia-hidrica-768x576.jpg 768w, https:\/\/www.revistarescatados.com.ar\/web\/wp-content\/uploads\/2026\/04\/Reunion-x-Emergencia-hidrica.jpg 1280w\" sizes=\"(max-width: 1024px) 100vw, 1024px\" \/><\/p>\n<p>El Ministerio de Desarrollo Productivo de Santa Fe, a trav\u00e9s de la Secretar\u00eda de Agricultura y Ganader\u00eda, llev\u00f3 adelante una serie de reuniones de trabajo en los departamentos Vera y General Obligado con el objetivo de actualizar el diagn\u00f3stico productivo, coordinar acciones con los gobiernos locales y anticipar escenarios de cara a los pr\u00f3ximos meses.<br \/>\nDe los encuentros participaron equipos t\u00e9cnicos provinciales junto a presidentes comunales, autoridades locales y representantes de \u00e1reas como Protecci\u00f3n Civil, Recursos H\u00eddricos, Salud y Vialidad Provincial. Tambi\u00e9n asistieron legisladores provinciales, entre ellos el senador Osvaldo Sosa, en Vera, y el senador Orfilio Marc\u00f3n, en General Obligado.<\/p>\n<p>\u201cEstamos trabajando con presencia territorial, articulando con cada localidad y anticip\u00e1ndonos a los escenarios que puedan venir. La decisi\u00f3n del gobernador Maximiliano Pullaro es estar al lado de quienes producen, llegar a tiempo y coordinar respuestas concretas\u201d, se\u00f1al\u00f3 el ministro de Desarrollo Productivo, Gustavo Puccini.<\/p>\n<p>Durante las reuniones se analiz\u00f3 el estado de situaci\u00f3n en ambos departamentos, donde persisten zonas complejas que requieren seguimiento permanente. En ese marco, se avanz\u00f3 en la planificaci\u00f3n de medidas estructurales y en la definici\u00f3n de protocolos de acci\u00f3n coordinados para responder con rapidez ante eventuales fen\u00f3menos clim\u00e1ticos, especialmente de cara a la primavera.<\/p>\n<p>Por su parte, el secretario de Agricultura y Ganader\u00eda, Ignacio M\u00e1ntaras, subray\u00f3 que \u201cestas instancias permiten ordenar la respuesta con los gobiernos locales, identificar \u00e1reas sensibles y trabajar sobre herramientas concretas para acompa\u00f1ar a los productores, tanto en la emergencia como en la etapa de recuperaci\u00f3n\u201d.<\/p>\n<p>&nbsp;<\/p>\n<p><strong>Obras h\u00eddricas y caminos rurales<\/strong><\/p>\n<p>En paralelo, se evalu\u00f3 el funcionamiento de obras h\u00eddricas en localidades como Fort\u00edn Olmos, donde las intervenciones realizadas permitieron mitigar el impacto de las lluvias y evitar situaciones de anegamiento. Tambi\u00e9n se repas\u00f3 el estado de caminos rurales y puentes utilizados para el traslado de hacienda, y se plante\u00f3 la necesidad de restituir la transitabilidad con rapidez una vez que descienda el agua, para garantizar tanto la salida de la producci\u00f3n como la movilidad de los habitantes.<\/p>\n<p>Asimismo, se informaron las gestiones ante el Senasa para solicitar la pr\u00f3rroga de la campa\u00f1a de vacunaci\u00f3n contra la fiebre aftosa, implementar documentaci\u00f3n de tr\u00e1nsito provisoria y agilizar los remates de hacienda en sociedades rurales.<\/p>\n<p>Adem\u00e1s, se avanza en la creaci\u00f3n de un registro de oferentes que releve la disponibilidad de campos, alimentos, servicios y transporte, con el objetivo de mejorar la capacidad de respuesta ante situaciones cr\u00edticas.<\/p>\n<p><strong>100%<\/strong><\/p>\n<p>Otro de los ejes abordados fue la asistencia a zonas que a\u00fan permanecen aisladas. En ese sentido, la Secretar\u00eda, junto con la Mesa de Agricultura Familiar y entidades del sector, realiz\u00f3 relevamientos en parajes rurales para organizar intervenciones que permitan mitigar esa situaci\u00f3n y garantizar el acompa\u00f1amiento a las familias afectadas.<\/p>\n<p>Finalmente, se brindaron detalles sobre la pr\u00f3xima reuni\u00f3n de la Comisi\u00f3n de Emergencia Agropecuaria, donde se definir\u00e1n los distritos alcanzados y los mecanismos de evaluaci\u00f3n para su posterior elevaci\u00f3n al Gobierno nacional.<\/p>\n<p>El objetivo es lograr la homologaci\u00f3n de la emergencia a nivel nacional, de modo que los productores puedan acceder a los beneficios fiscales previstos por la ley, especialmente en contextos de venta forzosa.<\/p>\n<p>&nbsp;<\/p>\n","protected":false},"excerpt":{"rendered":"<p>&nbsp; En Vera y Reconquista, equipos provinciales y autoridades locales evaluaron la situaci\u00f3n territorial, profundizaron medidas de prevenci\u00f3n y definieron nuevas acciones para fortalecer la respuesta ante eventos clim\u00e1ticos. El Ministerio de&#46;&#46;&#46;<\/p>\n","protected":false},"author":1,"featured_media":25906,"comment_status":"closed","ping_status":"closed","sticky":false,"template":"","format":"standard","meta":[],"categories":[3,16,14,8],"tags":[],"_links":{"self":[{"href":"https:\/\/www.revistarescatados.com.ar\/web\/wp-json\/wp\/v2\/posts\/25905"}],"collection":[{"href":"https:\/\/www.revistarescatados.com.ar\/web\/wp-json\/wp\/v2\/posts"}],"about":[{"href":"https:\/\/www.revistarescatados.com.ar\/web\/wp-json\/wp\/v2\/types\/post"}],"author":[{"embeddable":true,"href":"https:\/\/www.revistarescatados.com.ar\/web\/wp-json\/wp\/v2\/users\/1"}],"replies":[{"embeddable":true,"href":"https:\/\/www.revistarescatados.com.ar\/web\/wp-json\/wp\/v2\/comments?post=25905"}],"version-history":[{"count":1,"href":"https:\/\/www.revistarescatados.com.ar\/web\/wp-json\/wp\/v2\/posts\/25905\/revisions"}],"predecessor-version":[{"id":25907,"href":"https:\/\/www.revistarescatados.com.ar\/web\/wp-json\/wp\/v2\/posts\/25905\/revisions\/25907"}],"wp:featuredmedia":[{"embeddable":true,"href":"https:\/\/www.revistarescatados.com.ar\/web\/wp-json\/wp\/v2\/media\/25906"}],"wp:attachment":[{"href":"https:\/\/www.revistarescatados.com.ar\/web\/wp-json\/wp\/v2\/media?parent=25905"}],"wp:term":[{"taxonomy":"category","embeddable":true,"href":"https:\/\/www.revistarescatados.com.ar\/web\/wp-json\/wp\/v2\/categories?post=25905"},{"taxonomy":"post_tag","embeddable":true,"href":"https:\/\/www.revistarescatados.com.ar\/web\/wp-json\/wp\/v2\/tags?post=25905"}],"curies":[{"name":"wp","href":"https:\/\/api.w.org\/{rel}","templated":true}]}}