{"id":25909,"date":"2026-04-30T00:10:23","date_gmt":"2026-04-30T03:10:23","guid":{"rendered":"https:\/\/www.revistarescatados.com.ar\/web\/?p=25909"},"modified":"2026-04-30T00:10:23","modified_gmt":"2026-04-30T03:10:23","slug":"quisieron-robar-la-mutual-belgrano-de-la-criolla-no-se-llevaron-nada-y-abandonaron-el-vehiculo-en-la-ruta-11","status":"publish","type":"post","link":"https:\/\/www.revistarescatados.com.ar\/web\/2026\/04\/30\/quisieron-robar-la-mutual-belgrano-de-la-criolla-no-se-llevaron-nada-y-abandonaron-el-vehiculo-en-la-ruta-11\/","title":{"rendered":"Quisieron robar la Mutual Belgrano de La Criolla, no se llevaron nada y abandonaron el veh\u00edculo en la ruta 11"},"content":{"rendered":"<p><strong>La alarma se activ\u00f3 en la madrugada del domingo por roturas en una puerta y el techo. Mediante filmaciones, se identific\u00f3 un auto sospechoso, que fue abandonado entre Silva y Marcelino Escalada y que contaba con un pedido de secuestro en Buenos Aires.<\/strong><\/p>\n<p><img loading=\"lazy\" class=\"aligncenter size-large wp-image-25910\" src=\"http:\/\/www.revistarescatados.com.ar\/web\/wp-content\/uploads\/2026\/04\/auto-abandonado-1024x472.jpg\" alt=\"\" width=\"1024\" height=\"472\" srcset=\"https:\/\/www.revistarescatados.com.ar\/web\/wp-content\/uploads\/2026\/04\/auto-abandonado-1024x472.jpg 1024w, https:\/\/www.revistarescatados.com.ar\/web\/wp-content\/uploads\/2026\/04\/auto-abandonado-300x138.jpg 300w, https:\/\/www.revistarescatados.com.ar\/web\/wp-content\/uploads\/2026\/04\/auto-abandonado-768x354.jpg 768w, https:\/\/www.revistarescatados.com.ar\/web\/wp-content\/uploads\/2026\/04\/auto-abandonado-1536x708.jpg 1536w, https:\/\/www.revistarescatados.com.ar\/web\/wp-content\/uploads\/2026\/04\/auto-abandonado.jpg 1600w\" sizes=\"(max-width: 1024px) 100vw, 1024px\" \/><\/p>\n<p>En la madrugada del domingo 26 de abril, se recibi\u00f3 aviso\u00a0 por la activaci\u00f3n de la alarma del edificio de Mutual Belgrano, constat\u00e1ndose posteriormente que autores ignorados hab\u00edan ingresado tras violentar una puerta y el techo, no registr\u00e1ndose faltantes al momento.<\/p>\n<p>A ra\u00edz de ello, personal de la Comisar\u00eda 7ma de La Criolla realiz\u00f3 relevamiento de c\u00e1maras y entrevistas, logrando establecer que el veh\u00edculo utilizado ser\u00eda un autom\u00f3vil marca Citro\u00ebn C4 Lounge, color gris oscuro. Con colaboraci\u00f3n de la central de monitoreo de Gobernador Crespo, se identific\u00f3 un rodado de similares caracter\u00edsticas.<\/p>\n<p>Posteriormente, se tom\u00f3 conocimiento de un veh\u00edculo abandonado a la vera de Ruta Nacional N\u00b0 11, entre Silva y Marcelino Escalada. Constituido el personal en el Km 605, se hall\u00f3 un Citro\u00ebn C4 Lounge, sin ocupantes, procedi\u00e9ndose a resguardar el lugar.<\/p>\n<p>Se dispuso la intervenci\u00f3n de Criminal\u00edstica y Perito Verificador. Se estableci\u00f3 que los guarismos de los cristales no coincid\u00edan con la patente exhibida; consultado el sistema 911, se inform\u00f3 que el dominio grabado en cristales posee pedido de secuestro vigente por robo automotor (19\/09\/2025), con intervenci\u00f3n de Unidad Fiscal N\u00b0 12 de Quilmes (Bs. As.), mientras que la chapa colocada no presentaba novedades.<\/p>\n<p>Finalizadas las tareas periciales, se procedi\u00f3 al secuestro de herramientas de corte halladas en el interior del veh\u00edculo. El Perito Verificador determin\u00f3 que motor y chasis corresponden al dominio con pedido de secuestro. Interviene Fiscal\u00eda en turno, a cargo de la Dra. Montegrosso.<\/p>\n","protected":false},"excerpt":{"rendered":"<p>La alarma se activ\u00f3 en la madrugada del domingo por roturas en una puerta y el techo. Mediante filmaciones, se identific\u00f3 un auto sospechoso, que fue abandonado entre Silva y Marcelino Escalada&#46;&#46;&#46;<\/p>\n","protected":false},"author":1,"featured_media":25910,"comment_status":"closed","ping_status":"closed","sticky":false,"template":"","format":"standard","meta":[],"categories":[4,16,11,8],"tags":[],"_links":{"self":[{"href":"https:\/\/www.revistarescatados.com.ar\/web\/wp-json\/wp\/v2\/posts\/25909"}],"collection":[{"href":"https:\/\/www.revistarescatados.com.ar\/web\/wp-json\/wp\/v2\/posts"}],"about":[{"href":"https:\/\/www.revistarescatados.com.ar\/web\/wp-json\/wp\/v2\/types\/post"}],"author":[{"embeddable":true,"href":"https:\/\/www.revistarescatados.com.ar\/web\/wp-json\/wp\/v2\/users\/1"}],"replies":[{"embeddable":true,"href":"https:\/\/www.revistarescatados.com.ar\/web\/wp-json\/wp\/v2\/comments?post=25909"}],"version-history":[{"count":1,"href":"https:\/\/www.revistarescatados.com.ar\/web\/wp-json\/wp\/v2\/posts\/25909\/revisions"}],"predecessor-version":[{"id":25911,"href":"https:\/\/www.revistarescatados.com.ar\/web\/wp-json\/wp\/v2\/posts\/25909\/revisions\/25911"}],"wp:featuredmedia":[{"embeddable":true,"href":"https:\/\/www.revistarescatados.com.ar\/web\/wp-json\/wp\/v2\/media\/25910"}],"wp:attachment":[{"href":"https:\/\/www.revistarescatados.com.ar\/web\/wp-json\/wp\/v2\/media?parent=25909"}],"wp:term":[{"taxonomy":"category","embeddable":true,"href":"https:\/\/www.revistarescatados.com.ar\/web\/wp-json\/wp\/v2\/categories?post=25909"},{"taxonomy":"post_tag","embeddable":true,"href":"https:\/\/www.revistarescatados.com.ar\/web\/wp-json\/wp\/v2\/tags?post=25909"}],"curies":[{"name":"wp","href":"https:\/\/api.w.org\/{rel}","templated":true}]}}