{"id":25912,"date":"2026-04-30T00:28:53","date_gmt":"2026-04-30T03:28:53","guid":{"rendered":"https:\/\/www.revistarescatados.com.ar\/web\/?p=25912"},"modified":"2026-04-30T00:28:53","modified_gmt":"2026-04-30T03:28:53","slug":"la-comision-de-emergencia-agropecuaria-recomendo-declarar-la-emergencia-en-16-distritos-santafesinos-por-las-inundaciones","status":"publish","type":"post","link":"https:\/\/www.revistarescatados.com.ar\/web\/2026\/04\/30\/la-comision-de-emergencia-agropecuaria-recomendo-declarar-la-emergencia-en-16-distritos-santafesinos-por-las-inundaciones\/","title":{"rendered":"La Comisi\u00f3n de Emergencia Agropecuaria recomend\u00f3 declarar la emergencia en 16 distritos santafesinos por las inundaciones"},"content":{"rendered":"<p><strong>Por unanimidad, el organismo propuso incluir 16 distritos de los departamentos 9 de Julio, Vera y General Obligado para todas las actividades agropecuarias, y a Recreo, Monte Vera y Santa Fe s\u00f3lo para la producci\u00f3n hort\u00edcola. La medida regir\u00eda desde el 1 de abril hasta el 30 de septiembre.<\/strong><\/p>\n<p><img loading=\"lazy\" class=\"aligncenter size-large wp-image-25878\" src=\"http:\/\/www.revistarescatados.com.ar\/web\/wp-content\/uploads\/2026\/04\/Inundaciones-1024x576.jpg\" alt=\"\" width=\"1024\" height=\"576\" srcset=\"https:\/\/www.revistarescatados.com.ar\/web\/wp-content\/uploads\/2026\/04\/Inundaciones-1024x576.jpg 1024w, https:\/\/www.revistarescatados.com.ar\/web\/wp-content\/uploads\/2026\/04\/Inundaciones-300x169.jpg 300w, https:\/\/www.revistarescatados.com.ar\/web\/wp-content\/uploads\/2026\/04\/Inundaciones-768x432.jpg 768w, https:\/\/www.revistarescatados.com.ar\/web\/wp-content\/uploads\/2026\/04\/Inundaciones.jpg 1290w\" sizes=\"(max-width: 1024px) 100vw, 1024px\" \/><\/p>\n<p>La Comisi\u00f3n Provincial de Emergencia Agropecuaria se reuni\u00f3 este mi\u00e9rcoles y resolvi\u00f3, por unanimidad, sugerir al gobernador Maximiliano Pullaro la declaraci\u00f3n de emergencia y\/o desastre agropecuario para una extensa franja del norte provincial golpeada por los excesos h\u00eddricos registrados durante abril, que superaron los promedios hist\u00f3ricos.<\/p>\n<p>La propuesta elevada al Poder Ejecutivo abarca, en el departamento 9 de Julio, a Villa Minetti, San Bernardo, Gato Colorado, Pozo Borrado, Tostado, Gregoria P\u00e9rez de Denis, Santa Margarita y Logro\u00f1o. <strong>En Vera se incluyeron Fort\u00edn Olmos, Garabato, Los Amores, Golondrina, Intiyaco, Ca\u00f1ada Omb\u00fa y Los T\u00e1banos. En General Obligado, la localidad de Villa Guillermina.<\/strong><\/p>\n<p>En esos tres departamentos la emergencia comprender\u00eda la totalidad de las actividades agropecuarias. En el departamento La Capital, en cambio, la sugerencia se acot\u00f3 a los distritos de Recreo, Monte Vera y Santa Fe y exclusivamente para la actividad hort\u00edcola, tras verificarse una afectaci\u00f3n importante en la producci\u00f3n de verduras de hoja del cintur\u00f3n hort\u00edcola santafesino.<\/p>\n<p>La Comisi\u00f3n tambi\u00e9n facult\u00f3 al Ministerio de Desarrollo Productivo a recomendar la declaraci\u00f3n de nuevos distritos en emergencia por decreto, a medida que avancen los relevamientos de da\u00f1os, tarea que se realiza de manera articulada con el INTA. Quedaron bajo monitoreo sectores de los departamentos San Justo, Castellanos y la zona este de Las Avispas, en San Crist\u00f3bal.<\/p>\n<p>El per\u00edodo de vigencia propuesto se extiende desde el 1\u00b0 de abril hasta el 30 de septiembre de 2026, en funci\u00f3n de los plazos impositivos.<\/p>\n<p><strong>El Ni\u00f1o y la articulaci\u00f3n interprovincial<\/strong><\/p>\n<p>El secretario de Recursos H\u00eddricos, Nicol\u00e1s Mijich, expuso los registros pluviom\u00e9tricos del per\u00edodo enero-abril, muy por encima de la media, y advirti\u00f3 que el pron\u00f3stico clim\u00e1tico anticipa una intensificaci\u00f3n del fen\u00f3meno \u201cEl Ni\u00f1o\u201d en el mediano y largo plazo, con precipitaciones por encima de lo normal. M\u00e1ntaras subray\u00f3 la necesidad de un abordaje interprovincial, dado que el escurrimiento de las lluvias ca\u00eddas en Chaco y Santiago del Estero agrava el cuadro en el norte santafesino.<\/p>\n<p><strong>Financiamiento, Ropeca y sanidad animal<\/strong><\/p>\n<p>Los funcionarios del Ministerio de Desarrollo Productivo recordaron que ya est\u00e1n suscritos los convenios con el Consejo Federal de Inversiones (CFI) y el Nuevo Banco de Santa Fe para l\u00edneas de cr\u00e9dito espec\u00edficas. Para la l\u00ednea del Nuevo Banco de Santa Fe no se exigir\u00e1 la presentaci\u00f3n del Certificado de Emergencia para acceder a la misma. Adem\u00e1s, se anunci\u00f3 la inminente puesta en marcha del Ropeca, un registro de alcance interprovincial que vincular\u00e1 oferentes de campos, alimentos, insumos y servicios con productores afectados.<\/p>\n<p>Por su parte, el representante de Senasa, Mart\u00edn Molina, remarc\u00f3 la importancia de sostener la sanidad animal, la vacunaci\u00f3n y la certificaci\u00f3n de negatividad de brucelosis durante la contingencia.<\/p>\n<p>Se evalu\u00f3 en la reuni\u00f3n la situaci\u00f3n de los peque\u00f1os productores, muchos de ellos informales, al respecto se inform\u00f3 el relevamiento efectuado mediante la Mesa de Agricultura Familiar, y se analizaron herramientas para procurar la asistencia a los mismos.<\/p>\n<p>&nbsp;<\/p>\n","protected":false},"excerpt":{"rendered":"<p>Por unanimidad, el organismo propuso incluir 16 distritos de los departamentos 9 de Julio, Vera y General Obligado para todas las actividades agropecuarias, y a Recreo, Monte Vera y Santa Fe s\u00f3lo&#46;&#46;&#46;<\/p>\n","protected":false},"author":1,"featured_media":25878,"comment_status":"closed","ping_status":"closed","sticky":false,"template":"","format":"standard","meta":[],"categories":[6,3,16,12,8],"tags":[],"_links":{"self":[{"href":"https:\/\/www.revistarescatados.com.ar\/web\/wp-json\/wp\/v2\/posts\/25912"}],"collection":[{"href":"https:\/\/www.revistarescatados.com.ar\/web\/wp-json\/wp\/v2\/posts"}],"about":[{"href":"https:\/\/www.revistarescatados.com.ar\/web\/wp-json\/wp\/v2\/types\/post"}],"author":[{"embeddable":true,"href":"https:\/\/www.revistarescatados.com.ar\/web\/wp-json\/wp\/v2\/users\/1"}],"replies":[{"embeddable":true,"href":"https:\/\/www.revistarescatados.com.ar\/web\/wp-json\/wp\/v2\/comments?post=25912"}],"version-history":[{"count":1,"href":"https:\/\/www.revistarescatados.com.ar\/web\/wp-json\/wp\/v2\/posts\/25912\/revisions"}],"predecessor-version":[{"id":25913,"href":"https:\/\/www.revistarescatados.com.ar\/web\/wp-json\/wp\/v2\/posts\/25912\/revisions\/25913"}],"wp:featuredmedia":[{"embeddable":true,"href":"https:\/\/www.revistarescatados.com.ar\/web\/wp-json\/wp\/v2\/media\/25878"}],"wp:attachment":[{"href":"https:\/\/www.revistarescatados.com.ar\/web\/wp-json\/wp\/v2\/media?parent=25912"}],"wp:term":[{"taxonomy":"category","embeddable":true,"href":"https:\/\/www.revistarescatados.com.ar\/web\/wp-json\/wp\/v2\/categories?post=25912"},{"taxonomy":"post_tag","embeddable":true,"href":"https:\/\/www.revistarescatados.com.ar\/web\/wp-json\/wp\/v2\/tags?post=25912"}],"curies":[{"name":"wp","href":"https:\/\/api.w.org\/{rel}","templated":true}]}}