{"id":25914,"date":"2026-04-30T00:33:37","date_gmt":"2026-04-30T03:33:37","guid":{"rendered":"https:\/\/www.revistarescatados.com.ar\/web\/?p=25914"},"modified":"2026-04-30T00:33:37","modified_gmt":"2026-04-30T03:33:37","slug":"borla-propone-regular-la-actividad-de-los-cuidadores-de-adultos-mayores","status":"publish","type":"post","link":"https:\/\/www.revistarescatados.com.ar\/web\/2026\/04\/30\/borla-propone-regular-la-actividad-de-los-cuidadores-de-adultos-mayores\/","title":{"rendered":"Borla propone regular la actividad de los cuidadores de adultos mayores"},"content":{"rendered":"<p><strong>El Senador por el Departamento San Justo, Dr. Rodrigo L. Borla, present\u00f3 en la C\u00e1mara Alta de la Legislatura Santafesina un proyecto de ley que tiene como objetivo establecer en todo el territorio provincial un r\u00e9gimen de Cuidadores\/as domiciliarios\/as y\/o polivalentes, que regula la actividad de las personas que ejercen de cuidadores\/as domiciliarios\/as y\/o polivalentes en establecimientos asistenciales, residencias de larga estad\u00eda para adultos mayores, geri\u00e1tricos privados o en domicilios particulares.<\/strong><\/p>\n<p><img loading=\"lazy\" class=\"aligncenter size-full wp-image-1745\" src=\"http:\/\/www.revistarescatados.com.ar\/web\/wp-content\/uploads\/2018\/08\/abuela.jpg\" alt=\"\" width=\"800\" height=\"686\" srcset=\"https:\/\/www.revistarescatados.com.ar\/web\/wp-content\/uploads\/2018\/08\/abuela.jpg 800w, https:\/\/www.revistarescatados.com.ar\/web\/wp-content\/uploads\/2018\/08\/abuela-300x257.jpg 300w, https:\/\/www.revistarescatados.com.ar\/web\/wp-content\/uploads\/2018\/08\/abuela-768x659.jpg 768w\" sizes=\"(max-width: 800px) 100vw, 800px\" \/><\/p>\n<p>La norma a tratar se compone de un total de cuatro cap\u00edtulos con sus respectivos art\u00edculos y disposiciones generales. Considera como cuidadores\/as domiciliarios\/as y\/o polivalentes a la persona mayor de dieciocho (18) a\u00f1os, que presta el servicio de atenci\u00f3n de adultos mayores, personas con discapacidad, con patolog\u00edas cr\u00f3nicas o enfermedades invalidantes, con dependencia directa del mismo, de un familiar o persona a cargo.<\/p>\n<p>En otro apartado, el proyecto del Senador Borla establece determinados requisitos para ejercer la actividad, tales como estar inscripto en el Registro Provincial a crearse mediante la implementaci\u00f3n de la presente norma; tener t\u00edtulo o capacitaci\u00f3n af\u00edn dada por entidad oficial y\/o reconocida, que acredite formaci\u00f3n espec\u00edfica en el tema, asegurando la incorporaci\u00f3n de los conocimientos bio-psico-sociales y funcionales inherentes a la poblaci\u00f3n referida y el desarrollo de habilidades, actitudes y conductas \u00e9ticas que beneficien a los destinatarios del servicio de atenci\u00f3n; no tener inhabilidad penal o civil; Certificado de aptitud psicof\u00edsica para el desarrollo de la actividad mediante certificado m\u00e9dico emitido por un organismo p\u00fablico de salud.<\/p>\n<p>En parte de sus fundamentos, Rodrigo Borla expresa que las personas que han convivido con un familiar enfermo conocen la dificultad de contratar ayuda capacitada. A menudo, aunque haya buena voluntad, falta el conocimiento necesario o surgen otros problemas. Por ello, este proyecto de ley busca brindar protecci\u00f3n y un marco adecuado a esta actividad.<\/p>\n<p>Sostiene que la creaci\u00f3n de un Registro Provincial permitir\u00e1 relevar, acreditar y supervisar a los cuidadores domiciliarios y\/o polivalentes, garantizando est\u00e1ndares m\u00ednimos de formaci\u00f3n y promoviendo su inserci\u00f3n en el mercado laboral formal. Asimismo, facilitar\u00e1 a la ciudadan\u00eda el acceso a informaci\u00f3n confiable sobre prestadores habilitados.<\/p>\n<p>&nbsp;<\/p>\n","protected":false},"excerpt":{"rendered":"<p>El Senador por el Departamento San Justo, Dr. Rodrigo L. Borla, present\u00f3 en la C\u00e1mara Alta de la Legislatura Santafesina un proyecto de ley que tiene como objetivo establecer en todo el&#46;&#46;&#46;<\/p>\n","protected":false},"author":1,"featured_media":1745,"comment_status":"closed","ping_status":"closed","sticky":false,"template":"","format":"standard","meta":[],"categories":[4,16,10,13,9,8],"tags":[],"_links":{"self":[{"href":"https:\/\/www.revistarescatados.com.ar\/web\/wp-json\/wp\/v2\/posts\/25914"}],"collection":[{"href":"https:\/\/www.revistarescatados.com.ar\/web\/wp-json\/wp\/v2\/posts"}],"about":[{"href":"https:\/\/www.revistarescatados.com.ar\/web\/wp-json\/wp\/v2\/types\/post"}],"author":[{"embeddable":true,"href":"https:\/\/www.revistarescatados.com.ar\/web\/wp-json\/wp\/v2\/users\/1"}],"replies":[{"embeddable":true,"href":"https:\/\/www.revistarescatados.com.ar\/web\/wp-json\/wp\/v2\/comments?post=25914"}],"version-history":[{"count":1,"href":"https:\/\/www.revistarescatados.com.ar\/web\/wp-json\/wp\/v2\/posts\/25914\/revisions"}],"predecessor-version":[{"id":25915,"href":"https:\/\/www.revistarescatados.com.ar\/web\/wp-json\/wp\/v2\/posts\/25914\/revisions\/25915"}],"wp:featuredmedia":[{"embeddable":true,"href":"https:\/\/www.revistarescatados.com.ar\/web\/wp-json\/wp\/v2\/media\/1745"}],"wp:attachment":[{"href":"https:\/\/www.revistarescatados.com.ar\/web\/wp-json\/wp\/v2\/media?parent=25914"}],"wp:term":[{"taxonomy":"category","embeddable":true,"href":"https:\/\/www.revistarescatados.com.ar\/web\/wp-json\/wp\/v2\/categories?post=25914"},{"taxonomy":"post_tag","embeddable":true,"href":"https:\/\/www.revistarescatados.com.ar\/web\/wp-json\/wp\/v2\/tags?post=25914"}],"curies":[{"name":"wp","href":"https:\/\/api.w.org\/{rel}","templated":true}]}}