{"id":25919,"date":"2026-05-01T17:55:44","date_gmt":"2026-05-01T20:55:44","guid":{"rendered":"https:\/\/www.revistarescatados.com.ar\/web\/?p=25919"},"modified":"2026-05-01T17:56:04","modified_gmt":"2026-05-01T20:56:04","slug":"pagan-haberes-de-abril-para-trabajadores-provinciales","status":"publish","type":"post","link":"https:\/\/www.revistarescatados.com.ar\/web\/2026\/05\/01\/pagan-haberes-de-abril-para-trabajadores-provinciales\/","title":{"rendered":"Pagan haberes de abril a los trabajadores provinciales de Santa Fe"},"content":{"rendered":"<p>&nbsp;<\/p>\n<p><strong>Comenzar\u00e1 el lunes 4 de mayo y se completar\u00e1 el viernes 8. El personal policial y penitenciario, junto con los pasivos que cobran hasta $ 1.350.000 tendr\u00e1n depositado sus haberes en cuenta este viernes. La liquidaci\u00f3n incluye el incremento acordado en paritarias del 8,9 % acumulado para abril (2,6 % enero, 2,1 % febrero, 2,2% marzo y 2 % abril) con la garant\u00eda de incremento de $ 170.000.<\/strong><\/p>\n<p><img loading=\"lazy\" class=\"aligncenter size-large wp-image-103\" src=\"http:\/\/www.revistarescatados.com.ar\/web\/wp-content\/uploads\/2018\/04\/cajero-1024x576.jpg\" alt=\"\" width=\"1024\" height=\"576\" srcset=\"https:\/\/www.revistarescatados.com.ar\/web\/wp-content\/uploads\/2018\/04\/cajero-1024x576.jpg 1024w, https:\/\/www.revistarescatados.com.ar\/web\/wp-content\/uploads\/2018\/04\/cajero-300x169.jpg 300w, https:\/\/www.revistarescatados.com.ar\/web\/wp-content\/uploads\/2018\/04\/cajero-768x432.jpg 768w, https:\/\/www.revistarescatados.com.ar\/web\/wp-content\/uploads\/2018\/04\/cajero.jpg 1920w\" sizes=\"(max-width: 1024px) 100vw, 1024px\" \/><\/p>\n<p>El Gobierno Provincial, a trav\u00e9s del Ministerio de Econom\u00eda, inform\u00f3 que los haberes del mes de abril se percibir\u00e1n a partir del lunes 4 de mayo y se completar\u00e1 el viernes 8. El personal policial y penitenciario, junto con los pasivos que cobran hasta $ 1.350.000 tendr\u00e1n depositado sus haberes en cuenta el viernes 1 de mayo.<\/p>\n<p>La liquidaci\u00f3n de los haberes incluye el aumento acordado en paritarias, que alcanza a abril el 8,9% en comparaci\u00f3n con el sueldo de diciembre (2,6 % enero, 2,1 % febrero y 2,2%, marzo y 2 % correspondiente a abril).<\/p>\n<p>Adem\u00e1s de los porcentajes de aumento otorgados, tambi\u00e9n se encuentra el incremento m\u00ednimo garantizado de $ 170.000. Esta medida se adopt\u00f3 con el objetivo de sostener el poder de compra en un contexto de variaciones de precios que contin\u00faa impactando sobre los ingresos de los hogares.<\/p>\n<p><strong>Lunes 4 de mayo (acreditaci\u00f3n en cuenta viernes 1\u00b0 de mayo)<\/strong><\/p>\n<p>* Escalaf\u00f3n Policial y Penitenciario.<\/p>\n<p>* Pasivos a los que les corresponde percibir un monto de bolsillo de hasta $1.350.000.<\/p>\n<p><strong>Martes 5 de mayo<\/strong><\/p>\n<p>* Activos a los que les corresponde percibir un monto de bolsillo de hasta $1.350.000.<\/p>\n<p>* Docentes de Escuelas Privadas Transferidas 1\u00b0 y 2\u00b0 Convenio.<\/p>\n<p><strong>Mi\u00e9rcoles 6 de mayo<\/strong><\/p>\n<p>* Resto de Activos a los que les corresponde percibir un monto de bolsillo superior a $1.350.000).<\/p>\n<p>* Docentes de Escuelas Privadas Hist\u00f3ricas.<\/p>\n<p><strong>Jueves 7 de mayo<\/strong><\/p>\n<p>* Resto de Pasivos a los que les corresponde percibir un monto de bolsillo superior a los $1.350.000.<\/p>\n<p><strong>Viernes 8 de mayo<\/strong><\/p>\n<p>* Autoridades Superiores del Poder Judicial, MPA, MPD, Poder Legislativo y Poder Ejecutivo.<\/p>\n<p>&nbsp;<\/p>\n","protected":false},"excerpt":{"rendered":"<p>&nbsp; Comenzar\u00e1 el lunes 4 de mayo y se completar\u00e1 el viernes 8. El personal policial y penitenciario, junto con los pasivos que cobran hasta $ 1.350.000 tendr\u00e1n depositado sus haberes en&#46;&#46;&#46;<\/p>\n","protected":false},"author":1,"featured_media":905,"comment_status":"closed","ping_status":"closed","sticky":false,"template":"","format":"standard","meta":[],"categories":[16,12,8],"tags":[],"_links":{"self":[{"href":"https:\/\/www.revistarescatados.com.ar\/web\/wp-json\/wp\/v2\/posts\/25919"}],"collection":[{"href":"https:\/\/www.revistarescatados.com.ar\/web\/wp-json\/wp\/v2\/posts"}],"about":[{"href":"https:\/\/www.revistarescatados.com.ar\/web\/wp-json\/wp\/v2\/types\/post"}],"author":[{"embeddable":true,"href":"https:\/\/www.revistarescatados.com.ar\/web\/wp-json\/wp\/v2\/users\/1"}],"replies":[{"embeddable":true,"href":"https:\/\/www.revistarescatados.com.ar\/web\/wp-json\/wp\/v2\/comments?post=25919"}],"version-history":[{"count":2,"href":"https:\/\/www.revistarescatados.com.ar\/web\/wp-json\/wp\/v2\/posts\/25919\/revisions"}],"predecessor-version":[{"id":25921,"href":"https:\/\/www.revistarescatados.com.ar\/web\/wp-json\/wp\/v2\/posts\/25919\/revisions\/25921"}],"wp:featuredmedia":[{"embeddable":true,"href":"https:\/\/www.revistarescatados.com.ar\/web\/wp-json\/wp\/v2\/media\/905"}],"wp:attachment":[{"href":"https:\/\/www.revistarescatados.com.ar\/web\/wp-json\/wp\/v2\/media?parent=25919"}],"wp:term":[{"taxonomy":"category","embeddable":true,"href":"https:\/\/www.revistarescatados.com.ar\/web\/wp-json\/wp\/v2\/categories?post=25919"},{"taxonomy":"post_tag","embeddable":true,"href":"https:\/\/www.revistarescatados.com.ar\/web\/wp-json\/wp\/v2\/tags?post=25919"}],"curies":[{"name":"wp","href":"https:\/\/api.w.org\/{rel}","templated":true}]}}