{"id":25922,"date":"2026-05-01T18:18:33","date_gmt":"2026-05-01T21:18:33","guid":{"rendered":"https:\/\/www.revistarescatados.com.ar\/web\/?p=25922"},"modified":"2026-05-01T18:18:33","modified_gmt":"2026-05-01T21:18:33","slug":"asoem-calchaqui-aprobo-su-memoria-y-balance-con-un-saldo-positivo-de-11-millones-de-pesos","status":"publish","type":"post","link":"https:\/\/www.revistarescatados.com.ar\/web\/2026\/05\/01\/asoem-calchaqui-aprobo-su-memoria-y-balance-con-un-saldo-positivo-de-11-millones-de-pesos\/","title":{"rendered":"ASOEM Calchaqu\u00ed aprob\u00f3 su memoria y balance con un saldo positivo de 11 millones de pesos"},"content":{"rendered":"<p><strong>Este jueves 30 de abril, en la sede sindical de la Asociaci\u00f3n de Empleados Municipales de Calchaqu\u00ed se llev\u00f3 a cabo la asamblea general ordinaria para tratar los resultados del\u00a0 ejercicio econ\u00f3mico 2025. La asamblea fue presidida por su presidente Marcelo Vanney, acompa\u00f1ado del contador Pablo Senn.<\/strong><\/p>\n<p><img loading=\"lazy\" class=\"aligncenter size-large wp-image-25923\" src=\"http:\/\/www.revistarescatados.com.ar\/web\/wp-content\/uploads\/2026\/05\/Asamblea-Asoem-1-1024x589.jpg\" alt=\"\" width=\"1024\" height=\"589\" srcset=\"https:\/\/www.revistarescatados.com.ar\/web\/wp-content\/uploads\/2026\/05\/Asamblea-Asoem-1-1024x589.jpg 1024w, https:\/\/www.revistarescatados.com.ar\/web\/wp-content\/uploads\/2026\/05\/Asamblea-Asoem-1-300x173.jpg 300w, https:\/\/www.revistarescatados.com.ar\/web\/wp-content\/uploads\/2026\/05\/Asamblea-Asoem-1-768x442.jpg 768w, https:\/\/www.revistarescatados.com.ar\/web\/wp-content\/uploads\/2026\/05\/Asamblea-Asoem-1.jpg 1305w\" sizes=\"(max-width: 1024px) 100vw, 1024px\" \/><\/p>\n<p>El balance general arroj\u00f3 un resultado positivo de 11 millones de pesos para la instituci\u00f3n que representa a trabajadores municipales de Calchaqu\u00ed y comunales de Margarita, La Gallareta, Pedro Gomez Cello y Vera y Pintado. Al finalizar, los afiliados compartieron una cena de camarader\u00eda.<\/p>\n<p><strong>MEMORIA ANUAL DEL EJERCICIO 2025<\/strong><\/p>\n<p>Durante el a\u00f1o 2025 esta instituci\u00f3n ha continuado con su compromiso de brindar bienestar, acompa\u00f1amiento y mejoras constantes para sus afiliados, tanto en el \u00e1mbito edilicio como en las actividades recreativas y de asistencia social.<br \/>\nMantenimiento del Edificio y Autom\u00f3vil<\/p>\n<p>Se procedi\u00f3 al cambio de las 6 mochilas pl\u00e1sticas de los ba\u00f1os por mochilas de losa, se compr\u00f3 pintura, canillas, ca\u00f1os y todo lo necesario para el buen funcionamiento de nuestras instalaciones. Con respecto al auto se realizan lar reparaciones necesarias para su buen desempe\u00f1o como tambi\u00e9n se abona un seguro contra todo riesgo.<\/p>\n<p><strong>Fiesta del Empleado Municipal<\/strong><br \/>\nComo es tradici\u00f3n, en el mes de noviembre se llev\u00f3 a cabo la Fiesta del Empleado Municipal, con la participaci\u00f3n de 325 comensales, lo que represente aproximadamente el 75% de los afiliados a nuestra instituci\u00f3n. El evento fue de car\u00e1cter completamente gratuito, incluyendo entrada de chorizo con papas, plato principal costilla de novillo a la parrilla con ensalada, pan ,postre helado (bomb\u00f3n escoses GRIDO) como as\u00ed tambi\u00e9n se brind\u00f3 la bebida sin costo por todo el tiempo que duro el evento. En esta oportunidad se contrat\u00f3 el grupo musical CHUMBALE de nuestra ciudad.<\/p>\n<p>Durante la celebraci\u00f3n, se realizaron sorteos con premios como sillones hornos el\u00e9ctrico, microonda, ventilador, equipos de mate, pava el\u00e9ctrica y por ultimo una bicicleta SLP rodado 29, utilizando como numero de participaci\u00f3n el correspondiente a su tarjeta de afiliado presente<\/p>\n<p><strong>Adquisici\u00f3n de Elementos y Mejoras en Infraestructura<\/strong><br \/>\nCon el objetivo de garantizar el correcto desarrollo de los eventos y cubrir las demandas de los comensales, se adquiri\u00f3 48 cuchillos,48 copas de vino,36 platos y 14 manteles azules tambi\u00e9n se compraron e instalaron 2 aire acondicionado frio calor de 6100 marca HITACHI,1 Calefactor industrial con su respectiva garrafa de 10 kilos, por ultimo incorporamos una notebook reacondicionada HP.<\/p>\n<p><img loading=\"lazy\" class=\"aligncenter size-large wp-image-25924\" src=\"http:\/\/www.revistarescatados.com.ar\/web\/wp-content\/uploads\/2026\/05\/Asamblea-Asoem-1024x576.jpg\" alt=\"\" width=\"1024\" height=\"576\" srcset=\"https:\/\/www.revistarescatados.com.ar\/web\/wp-content\/uploads\/2026\/05\/Asamblea-Asoem-1024x576.jpg 1024w, https:\/\/www.revistarescatados.com.ar\/web\/wp-content\/uploads\/2026\/05\/Asamblea-Asoem-300x169.jpg 300w, https:\/\/www.revistarescatados.com.ar\/web\/wp-content\/uploads\/2026\/05\/Asamblea-Asoem-768x432.jpg 768w, https:\/\/www.revistarescatados.com.ar\/web\/wp-content\/uploads\/2026\/05\/Asamblea-Asoem.jpg 1280w\" sizes=\"(max-width: 1024px) 100vw, 1024px\" \/><br \/>\n<strong>Asistencia y Acompa\u00f1amiento<\/strong><br \/>\nLa asociaci\u00f3n mantuvo su compromiso de estar presente para los compa\u00f1eros y compa\u00f1eras que debieron ser trasladados a instituciones hospitalarias en las ciudades de Reconquista, San Justo y Santa Fe, brindando acompa\u00f1amiento constante.<\/p>\n<p><strong>Reuniones Gremiales<\/strong><br \/>\nSe efectuaron viajes a Santa Fe cada vez que fuimos convocados por la FSTRAM para las reuniones de secretarios generales como tambi\u00e9n para ir a manifestaciones por reclamos del IAPOS, CAJA DE JUBILACIONES, REFORMA LAVORAL, REFORMA CONSTUCIONAL, FALTA DE CONVOCATORIA A PARITARIA, siempre representando y defendiendo los intereses de nuestros afiliados.<\/p>\n<p><strong>Entrega de beneficios<\/strong><br \/>\nComo lo venimos haciendo en nuestra gesti\u00f3n se entreg\u00f3 el tradicional bols\u00f3n navide\u00f1o compuesto por 15 productos festivos, presentado en una bolsa ecol\u00f3gico, tanto en la ciudad de Calchaqu\u00ed como en las comunas adheridas, un total de 215 bolsones, a su vez el Fondo Solidario entrego dos pollos a cada afiliado de Calchaqu\u00ed.<\/p>\n<p><strong>Gesto de Acompa\u00f1amiento Permanente<\/strong><br \/>\nEl sindicato por intermedio del fondo solidario continua brindando el servicio de entrega de corona de flores muestra de acompa\u00f1amiento y solidaridad en los momentos dif\u00edciles.<\/p>\n<p><strong>Gastos de Representaci\u00f3n<\/strong><br \/>\nDesde 2017 la Asociaci\u00f3n de Empleados Municipales de Calchaqu\u00ed y Comuna Adheridas tiene un abono mensual por sus servicio de asesoramiento legal y contable permanente, con el Contador P\u00fablico Nacional PABLO SENN y el Abogado HECTOR PIGHIN.<\/p>\n","protected":false},"excerpt":{"rendered":"<p>Este jueves 30 de abril, en la sede sindical de la Asociaci\u00f3n de Empleados Municipales de Calchaqu\u00ed se llev\u00f3 a cabo la asamblea general ordinaria para tratar los resultados del\u00a0 ejercicio econ\u00f3mico&#46;&#46;&#46;<\/p>\n","protected":false},"author":1,"featured_media":25923,"comment_status":"closed","ping_status":"closed","sticky":false,"template":"","format":"standard","meta":[],"categories":[2,3,16,10,8],"tags":[],"_links":{"self":[{"href":"https:\/\/www.revistarescatados.com.ar\/web\/wp-json\/wp\/v2\/posts\/25922"}],"collection":[{"href":"https:\/\/www.revistarescatados.com.ar\/web\/wp-json\/wp\/v2\/posts"}],"about":[{"href":"https:\/\/www.revistarescatados.com.ar\/web\/wp-json\/wp\/v2\/types\/post"}],"author":[{"embeddable":true,"href":"https:\/\/www.revistarescatados.com.ar\/web\/wp-json\/wp\/v2\/users\/1"}],"replies":[{"embeddable":true,"href":"https:\/\/www.revistarescatados.com.ar\/web\/wp-json\/wp\/v2\/comments?post=25922"}],"version-history":[{"count":1,"href":"https:\/\/www.revistarescatados.com.ar\/web\/wp-json\/wp\/v2\/posts\/25922\/revisions"}],"predecessor-version":[{"id":25925,"href":"https:\/\/www.revistarescatados.com.ar\/web\/wp-json\/wp\/v2\/posts\/25922\/revisions\/25925"}],"wp:featuredmedia":[{"embeddable":true,"href":"https:\/\/www.revistarescatados.com.ar\/web\/wp-json\/wp\/v2\/media\/25923"}],"wp:attachment":[{"href":"https:\/\/www.revistarescatados.com.ar\/web\/wp-json\/wp\/v2\/media?parent=25922"}],"wp:term":[{"taxonomy":"category","embeddable":true,"href":"https:\/\/www.revistarescatados.com.ar\/web\/wp-json\/wp\/v2\/categories?post=25922"},{"taxonomy":"post_tag","embeddable":true,"href":"https:\/\/www.revistarescatados.com.ar\/web\/wp-json\/wp\/v2\/tags?post=25922"}],"curies":[{"name":"wp","href":"https:\/\/api.w.org\/{rel}","templated":true}]}}