{"id":25926,"date":"2026-05-01T18:29:12","date_gmt":"2026-05-01T21:29:12","guid":{"rendered":"https:\/\/www.revistarescatados.com.ar\/web\/?p=25926"},"modified":"2026-05-01T18:29:12","modified_gmt":"2026-05-01T21:29:12","slug":"la-escuela-provincial-6117-de-calchaqui-celebra-sus-115-anos-de-vida-institucional","status":"publish","type":"post","link":"https:\/\/www.revistarescatados.com.ar\/web\/2026\/05\/01\/la-escuela-provincial-6117-de-calchaqui-celebra-sus-115-anos-de-vida-institucional\/","title":{"rendered":"La escuela provincial 6117 de Calchaqu\u00ed celebra sus 115 a\u00f1os de vida institucional"},"content":{"rendered":"<p><strong>El 1 de Mayo del a\u00f1o 1911 se creaba la querida escuela nacional. Su primer director fue don Francisco Landi. La comunidad educativa de la Escuela N\u00b0 6117 &#8220;Remedios Escalada de San Mart\u00edn&#8221; festej\u00f3 su 115 aniversario en el anfiteatro municipal.<\/strong><\/p>\n<p><img loading=\"lazy\" class=\"aligncenter size-full wp-image-2661\" src=\"http:\/\/www.revistarescatados.com.ar\/web\/wp-content\/uploads\/2018\/11\/Escuela-N\u00ba-6117.jpg\" alt=\"\" width=\"960\" height=\"580\" srcset=\"https:\/\/www.revistarescatados.com.ar\/web\/wp-content\/uploads\/2018\/11\/Escuela-N\u00ba-6117.jpg 960w, https:\/\/www.revistarescatados.com.ar\/web\/wp-content\/uploads\/2018\/11\/Escuela-N\u00ba-6117-300x181.jpg 300w, https:\/\/www.revistarescatados.com.ar\/web\/wp-content\/uploads\/2018\/11\/Escuela-N\u00ba-6117-768x464.jpg 768w\" sizes=\"(max-width: 960px) 100vw, 960px\" \/><br \/>\nEste jueves 30 de abril,\u00a0 se realiz\u00f3 un\u00a0 emotivo abrazo simb\u00f3lico que uni\u00f3 a estudiantes, docentes, directivos y familias, reafirmando el v\u00ednculo que existe entre todos los miembros de la comunidad escolar. Adem\u00e1s en el anfiteatro municipal,\u00a0 disfrutaron de una deliciosa torta.<\/p>\n<p>La celebraci\u00f3n continu\u00f3 con m\u00fasica y baile, creando un ambiente festivo lleno de alegr\u00eda. Fue un momento especial para compartir entre todos, recordando los a\u00f1os de dedicaci\u00f3n y esfuerzo que han forjado la identidad de esta querida instituci\u00f3n.<\/p>\n<p><strong>UN POCO DE SU HISTORIA<\/strong><br \/>\nEn el 1918, se traslada a la casa de la familia Dalla Fontana, actual sede del Calchaqu\u00ed FC.<\/p>\n<p>En 1920, la directora fue Simona Cohen, En 1934 se traslada a la esquina de Bvard Belgrano e Ituzaingo, hoy Parque Juan Berli.<\/p>\n<p>En el a\u00f1o 1949, se inaugura su actual edificio. Al a\u00f1o siguiente, se le impone el nombre &#8220;Remedios Escalada de San Mart\u00edn&#8221;.<br \/>\nEn 1959, la directora fue Teresa Carusso, hasta que en 1963 toma la direcci\u00f3n Raquel Mussi, para luego ser designado director &#8211; desde 1966 &#8211; Horacio Colombero.<\/p>\n<p>En el a\u00f1o 1968, se inicia la modalidad de Jornada Completa, que se mantiene hasta hoy. En 1972 se construye su comedor escolar, regresando a la direccion Teresa Carusso en el a\u00f1o 1974.<\/p>\n<p>Desde 1978 hasta 1998 se desempe\u00f1\u00f3 como directora la Se\u00f1ora Perla Benam\u00fa de Zanutigh.<\/p>\n<p>En el a\u00f1o 2006, cuando se construyeron los talleres y se inaugur\u00f3 la sala de computacion, estaban en la direcci\u00f3n Daniel Balcart y vice Miguel Alcaraz.<\/p>\n<p>En el a\u00f1o 2015, la directora fue Graciela Fumis , luego se sucedieron: Olga Succulini [2018], Sra. Ramayo [2023], Mar\u00eda del Carmen Gonzalez [2024], Sandra Othinger [2025] y el actual equipo directivo est\u00e1 integrado por Alicia Caballero, Julio Argerich y Ariel Dalla Fontana.<\/p>\n<p>Como dato hist\u00f3rico, aqu\u00ed se comparte la nota presentada por su primer director Francisco Landi, comunicando el comienzo de clases de la escuela, que fuera fechada el 1ero de Mayo del a\u00f1o 1911.<\/p>\n<p><img loading=\"lazy\" class=\"aligncenter size-large wp-image-25927\" src=\"http:\/\/www.revistarescatados.com.ar\/web\/wp-content\/uploads\/2026\/05\/Nota-fundacion-escuela-6117-723x1024.jpg\" alt=\"\" width=\"723\" height=\"1024\" srcset=\"https:\/\/www.revistarescatados.com.ar\/web\/wp-content\/uploads\/2026\/05\/Nota-fundacion-escuela-6117-723x1024.jpg 723w, https:\/\/www.revistarescatados.com.ar\/web\/wp-content\/uploads\/2026\/05\/Nota-fundacion-escuela-6117-212x300.jpg 212w, https:\/\/www.revistarescatados.com.ar\/web\/wp-content\/uploads\/2026\/05\/Nota-fundacion-escuela-6117-768x1087.jpg 768w, https:\/\/www.revistarescatados.com.ar\/web\/wp-content\/uploads\/2026\/05\/Nota-fundacion-escuela-6117.jpg 1080w\" sizes=\"(max-width: 723px) 100vw, 723px\" \/><\/p>\n<p>&nbsp;<\/p>\n<p>&nbsp;<\/p>\n","protected":false},"excerpt":{"rendered":"<p>El 1 de Mayo del a\u00f1o 1911 se creaba la querida escuela nacional. Su primer director fue don Francisco Landi. La comunidad educativa de la Escuela N\u00b0 6117 &#8220;Remedios Escalada de San&#46;&#46;&#46;<\/p>\n","protected":false},"author":1,"featured_media":2661,"comment_status":"closed","ping_status":"closed","sticky":false,"template":"","format":"standard","meta":[],"categories":[2,3,16,15,10,8],"tags":[],"_links":{"self":[{"href":"https:\/\/www.revistarescatados.com.ar\/web\/wp-json\/wp\/v2\/posts\/25926"}],"collection":[{"href":"https:\/\/www.revistarescatados.com.ar\/web\/wp-json\/wp\/v2\/posts"}],"about":[{"href":"https:\/\/www.revistarescatados.com.ar\/web\/wp-json\/wp\/v2\/types\/post"}],"author":[{"embeddable":true,"href":"https:\/\/www.revistarescatados.com.ar\/web\/wp-json\/wp\/v2\/users\/1"}],"replies":[{"embeddable":true,"href":"https:\/\/www.revistarescatados.com.ar\/web\/wp-json\/wp\/v2\/comments?post=25926"}],"version-history":[{"count":1,"href":"https:\/\/www.revistarescatados.com.ar\/web\/wp-json\/wp\/v2\/posts\/25926\/revisions"}],"predecessor-version":[{"id":25928,"href":"https:\/\/www.revistarescatados.com.ar\/web\/wp-json\/wp\/v2\/posts\/25926\/revisions\/25928"}],"wp:featuredmedia":[{"embeddable":true,"href":"https:\/\/www.revistarescatados.com.ar\/web\/wp-json\/wp\/v2\/media\/2661"}],"wp:attachment":[{"href":"https:\/\/www.revistarescatados.com.ar\/web\/wp-json\/wp\/v2\/media?parent=25926"}],"wp:term":[{"taxonomy":"category","embeddable":true,"href":"https:\/\/www.revistarescatados.com.ar\/web\/wp-json\/wp\/v2\/categories?post=25926"},{"taxonomy":"post_tag","embeddable":true,"href":"https:\/\/www.revistarescatados.com.ar\/web\/wp-json\/wp\/v2\/tags?post=25926"}],"curies":[{"name":"wp","href":"https:\/\/api.w.org\/{rel}","templated":true}]}}