{"id":26153,"date":"2026-07-15T21:57:38","date_gmt":"2026-07-16T00:57:38","guid":{"rendered":"https:\/\/www.revistarescatados.com.ar\/web\/?p=26153"},"modified":"2026-07-15T21:57:52","modified_gmt":"2026-07-16T00:57:52","slug":"sanjavierino-condenado-a-9-anos-de-prision-por-abusar-una-nina-de-su-entorno","status":"publish","type":"post","link":"https:\/\/www.revistarescatados.com.ar\/web\/2026\/07\/15\/sanjavierino-condenado-a-9-anos-de-prision-por-abusar-una-nina-de-su-entorno\/","title":{"rendered":"Sanjavierino condenado a 9 a\u00f1os de prisi\u00f3n por abusar sexualmente una ni\u00f1a de su entorno"},"content":{"rendered":"<p><strong>Tiene 35 a\u00f1os, sus iniciales son PLE y cometi\u00f3 los il\u00edcitos entre los a\u00f1os 2019 y 2022. La sentencia fue dispuesta en un juicio abreviado en el que el fiscal Pablo Lipowy represent\u00f3 al MPA. El nombre completo del condenado no se brinda para evitar la revictimizaci\u00f3n de la ni\u00f1a, quien tiene el mismo apellido que \u00e9l.<\/strong><\/p>\n<p><img loading=\"lazy\" class=\"size-full wp-image-4629 alignleft\" src=\"http:\/\/www.revistarescatados.com.ar\/web\/wp-content\/uploads\/2019\/04\/esposado.jpg\" alt=\"\" width=\"500\" height=\"324\" srcset=\"https:\/\/www.revistarescatados.com.ar\/web\/wp-content\/uploads\/2019\/04\/esposado.jpg 500w, https:\/\/www.revistarescatados.com.ar\/web\/wp-content\/uploads\/2019\/04\/esposado-300x194.jpg 300w\" sizes=\"(max-width: 500px) 100vw, 500px\" \/><\/p>\n<p>Un hombre de 35 a\u00f1os fue condenado a 9 a\u00f1os de prisi\u00f3n por haber abusado sexualmente de una ni\u00f1a de su entorno familiar en San Javier.<\/p>\n<p>As\u00ed fue dispuesto por el juez Gustavo Urdiales, en un juicio en el que se abreviaron los procedimientos que se desarroll\u00f3 en los tribunales de la ciudad de Santa Fe. El fiscal Pablo Lipowy represent\u00f3 al MPA en el juicio.<\/p>\n<p><strong>Los hechos<\/strong><\/p>\n<p>Lipowy indic\u00f3 que \u201cel condenado vulner\u00f3 la integridad sexual de la v\u00edctima en reiteradas oportunidades entre 2019 y 2022\u201d, y puntualiz\u00f3 que \u201cal momento de los abusos, ella transitaba su escolaridad primaria\u201d.<\/p>\n<p>\u201cPLE atacaba a la ni\u00f1a cuando la misma se encontraba de visita en el domicilio de otros familiares, donde reside el condenado\u201d, subray\u00f3 el fiscal.<\/p>\n<p>El funcionario del MPA destac\u00f3 que \u201cla v\u00edctima logr\u00f3 develar lo sucedido en el establecimiento educativo donde asiste\u201d. Al respecto, se\u00f1al\u00f3 que \u201cdesde la instituci\u00f3n activaron el protocolo correspondiente y convocaron a la madre de la ni\u00f1a, quien realiz\u00f3 la denuncia en sede policial\u201d<\/p>\n<p><strong>Responsabilidad penal<\/strong><\/p>\n<p>El condenado reconoci\u00f3 su responsabilidad penal por la autor\u00eda de abuso sexual con acceso carnal.<\/p>\n<p>Junto con su abogado defensor, acept\u00f3 la calificaci\u00f3n penal propuesta por la Fiscal\u00eda, la pena impuesta y la decisi\u00f3n de realizar un juicio en el que se abreviaron los procedimientos.<\/p>\n<p>Por su parte, la v\u00edctima y su madre fueron informadas de lo resuelto y manifestaron estar de acuerdo.<\/p>\n<p><strong>Identidad<\/strong><\/p>\n<p>Las iniciales del condenado son MM. Su nombre completo no se brinda para evitar la revictimizaci\u00f3n de la v\u00edctima, quien tiene el mismo apellido que \u00e9l.<\/p>\n<p>&nbsp;<\/p>\n","protected":false},"excerpt":{"rendered":"<p>Tiene 35 a\u00f1os, sus iniciales son PLE y cometi\u00f3 los il\u00edcitos entre los a\u00f1os 2019 y 2022. La sentencia fue dispuesta en un juicio abreviado en el que el fiscal Pablo Lipowy&#46;&#46;&#46;<\/p>\n","protected":false},"author":1,"featured_media":4629,"comment_status":"closed","ping_status":"closed","sticky":false,"template":"","format":"standard","meta":[],"categories":[5,16,10,8],"tags":[],"_links":{"self":[{"href":"https:\/\/www.revistarescatados.com.ar\/web\/wp-json\/wp\/v2\/posts\/26153"}],"collection":[{"href":"https:\/\/www.revistarescatados.com.ar\/web\/wp-json\/wp\/v2\/posts"}],"about":[{"href":"https:\/\/www.revistarescatados.com.ar\/web\/wp-json\/wp\/v2\/types\/post"}],"author":[{"embeddable":true,"href":"https:\/\/www.revistarescatados.com.ar\/web\/wp-json\/wp\/v2\/users\/1"}],"replies":[{"embeddable":true,"href":"https:\/\/www.revistarescatados.com.ar\/web\/wp-json\/wp\/v2\/comments?post=26153"}],"version-history":[{"count":2,"href":"https:\/\/www.revistarescatados.com.ar\/web\/wp-json\/wp\/v2\/posts\/26153\/revisions"}],"predecessor-version":[{"id":26155,"href":"https:\/\/www.revistarescatados.com.ar\/web\/wp-json\/wp\/v2\/posts\/26153\/revisions\/26155"}],"wp:featuredmedia":[{"embeddable":true,"href":"https:\/\/www.revistarescatados.com.ar\/web\/wp-json\/wp\/v2\/media\/4629"}],"wp:attachment":[{"href":"https:\/\/www.revistarescatados.com.ar\/web\/wp-json\/wp\/v2\/media?parent=26153"}],"wp:term":[{"taxonomy":"category","embeddable":true,"href":"https:\/\/www.revistarescatados.com.ar\/web\/wp-json\/wp\/v2\/categories?post=26153"},{"taxonomy":"post_tag","embeddable":true,"href":"https:\/\/www.revistarescatados.com.ar\/web\/wp-json\/wp\/v2\/tags?post=26153"}],"curies":[{"name":"wp","href":"https:\/\/api.w.org\/{rel}","templated":true}]}}