{"id":26300,"date":"2026-09-01T22:50:16","date_gmt":"2026-09-02T01:50:16","guid":{"rendered":"https:\/\/www.revistarescatados.com.ar\/web\/?p=26300"},"modified":"2026-09-01T22:50:16","modified_gmt":"2026-09-02T01:50:16","slug":"el-sem-cumplio-13-anos-de-vigencia-en-calchaqui","status":"publish","type":"post","link":"https:\/\/www.revistarescatados.com.ar\/web\/2026\/09\/01\/el-sem-cumplio-13-anos-de-vigencia-en-calchaqui\/","title":{"rendered":"El SEM cumpli\u00f3 13 a\u00f1os de vigencia en Calchaqu\u00ed"},"content":{"rendered":"<p><strong>El Servicio de Emergencia Municipal, creado el 29 de agosto de 2013, brinda asistencia en urgencia, accidentes y cobertura a eventos en el distrito. Realiza cerca de 1800 intervenciones anuales, cuenta con personal capacitado, 3 ambulancias equipadas y planean incorporar una nueva unidad de traslado.<\/strong><\/p>\n<p><img loading=\"lazy\" class=\"aligncenter size-large wp-image-26301\" src=\"http:\/\/www.revistarescatados.com.ar\/web\/wp-content\/uploads\/2026\/09\/SEM-13-anos-1024x553.jpg\" alt=\"\" width=\"1024\" height=\"553\" srcset=\"https:\/\/www.revistarescatados.com.ar\/web\/wp-content\/uploads\/2026\/09\/SEM-13-anos-1024x553.jpg 1024w, https:\/\/www.revistarescatados.com.ar\/web\/wp-content\/uploads\/2026\/09\/SEM-13-anos-300x162.jpg 300w, https:\/\/www.revistarescatados.com.ar\/web\/wp-content\/uploads\/2026\/09\/SEM-13-anos-768x415.jpg 768w, https:\/\/www.revistarescatados.com.ar\/web\/wp-content\/uploads\/2026\/09\/SEM-13-anos.jpg 1493w\" sizes=\"(max-width: 1024px) 100vw, 1024px\" \/><br \/>\nEste lunes 31 de agosto,\u00a0 se llevo a cabo un sencillo acto, frente a la sede municipal, para honrar los 13 a\u00f1os de labor del SEM en la ciudad. Fue presidido por el intendente Rub\u00e9n Cuello acompa\u00f1ado por el presidente del Concejo Municipal Pablo Perello, miembros del gabinete municipal, el director del Hospital Dr. Eduardo Chediak, el concejal Juan Jos\u00e9 Humoller, los m\u00e9dicos Graciela Hetze y Jorge Ferreyra, comisi\u00f3n de Asoem Calchaqu\u00ed, equipo de ni\u00f1ez y familia, entre otros.<\/p>\n<p>El servicio para atender urgencias domiciliarias urbana y rural, accidentes y brindar cobertura a diferentes eventos educativos, sociales y deportivos fue creado el 29 de agosto del a\u00f1o 2013. Anualmente realiza cerca de 1800 intervenciones y colabora con elementos ortop\u00e9dicos como muletas y sillas de ruedas para los vecinos.<\/p>\n<p>Actualmente cuenta con tres ambulancias muy bien equipadas y para el a\u00f1o pr\u00f3ximo se proyecta sumar otra unidad 0km, personal altamente capacitado y un presupuesto para cubrir una asistencia diaria 24\/07 en la comunidad. Hubo palabras de agradecimiento para los integrantes del SEM por su constante labor y predisposici\u00f3n.<\/p>\n<p><a href=\"http:\/\/facebook.com\/reel\/930794082860152\/?s=single_unit\"><strong>VIDEO DEL ACTO<\/strong><\/a><\/p>\n","protected":false},"excerpt":{"rendered":"<p>El Servicio de Emergencia Municipal, creado el 29 de agosto de 2013, brinda asistencia en urgencia, accidentes y cobertura a eventos en el distrito. Realiza cerca de 1800 intervenciones anuales, cuenta con&#46;&#46;&#46;<\/p>\n","protected":false},"author":1,"featured_media":26301,"comment_status":"closed","ping_status":"closed","sticky":false,"template":"","format":"standard","meta":[],"categories":[2,3,16,9,8],"tags":[],"_links":{"self":[{"href":"https:\/\/www.revistarescatados.com.ar\/web\/wp-json\/wp\/v2\/posts\/26300"}],"collection":[{"href":"https:\/\/www.revistarescatados.com.ar\/web\/wp-json\/wp\/v2\/posts"}],"about":[{"href":"https:\/\/www.revistarescatados.com.ar\/web\/wp-json\/wp\/v2\/types\/post"}],"author":[{"embeddable":true,"href":"https:\/\/www.revistarescatados.com.ar\/web\/wp-json\/wp\/v2\/users\/1"}],"replies":[{"embeddable":true,"href":"https:\/\/www.revistarescatados.com.ar\/web\/wp-json\/wp\/v2\/comments?post=26300"}],"version-history":[{"count":1,"href":"https:\/\/www.revistarescatados.com.ar\/web\/wp-json\/wp\/v2\/posts\/26300\/revisions"}],"predecessor-version":[{"id":26302,"href":"https:\/\/www.revistarescatados.com.ar\/web\/wp-json\/wp\/v2\/posts\/26300\/revisions\/26302"}],"wp:featuredmedia":[{"embeddable":true,"href":"https:\/\/www.revistarescatados.com.ar\/web\/wp-json\/wp\/v2\/media\/26301"}],"wp:attachment":[{"href":"https:\/\/www.revistarescatados.com.ar\/web\/wp-json\/wp\/v2\/media?parent=26300"}],"wp:term":[{"taxonomy":"category","embeddable":true,"href":"https:\/\/www.revistarescatados.com.ar\/web\/wp-json\/wp\/v2\/categories?post=26300"},{"taxonomy":"post_tag","embeddable":true,"href":"https:\/\/www.revistarescatados.com.ar\/web\/wp-json\/wp\/v2\/tags?post=26300"}],"curies":[{"name":"wp","href":"https:\/\/api.w.org\/{rel}","templated":true}]}}